{"id":9661,"date":"2023-06-03T01:07:14","date_gmt":"2023-06-02T23:07:14","guid":{"rendered":"https:\/\/ffw-weilersbach.de\/wordpress\/?p=9661"},"modified":"2023-07-06T22:57:21","modified_gmt":"2023-07-06T20:57:21","slug":"sommerfest-2023","status":"publish","type":"post","link":"https:\/\/ffw-weilersbach.de\/wordpress\/archive\/9661","title":{"rendered":"Sommerfest 2023"},"content":{"rendered":"<p><img loading=\"lazy\" decoding=\"async\" class=\"aligncenter wp-image-9660\" src=\"https:\/\/ffw-weilersbach.de\/wordpress\/wp-content\/uploads\/2023\/06\/510cd4f500d0b8a9dbc3318c2ca4024e81a6bf16-700x1000.jpg\" alt=\"\" width=\"600\" height=\"857\" srcset=\"https:\/\/ffw-weilersbach.de\/wordpress\/wp-content\/uploads\/2023\/06\/510cd4f500d0b8a9dbc3318c2ca4024e81a6bf16-700x1000.jpg 700w, https:\/\/ffw-weilersbach.de\/wordpress\/wp-content\/uploads\/2023\/06\/510cd4f500d0b8a9dbc3318c2ca4024e81a6bf16-210x300.jpg 210w, https:\/\/ffw-weilersbach.de\/wordpress\/wp-content\/uploads\/2023\/06\/510cd4f500d0b8a9dbc3318c2ca4024e81a6bf16.jpg 714w\" sizes=\"auto, (max-width: 600px) 100vw, 600px\" \/><\/p>\n<p>&nbsp;<\/p>\n<p>Wir m\u00f6chten die ganze Bev\u00f6lkerung ganz herzlich zu unserem Sommerfest vom 01.07. bis 02.07.2023 einladen!<\/p>\n<p>Am Samstag beginnen wir ab 10.00 Uhr mit der Bambini-Challenge (Stationen verschiedener Hilfsorganisationen im Ortsbereich). Ab 17.00 Uhr starten wir dann mit dem Festbetrieb an unserem Ger\u00e4tehaus mit Fire Party.<\/p>\n<p>Am Sonntag geht es gegen 10.00 Uhr los mit unserem Fr\u00fchschoppen und anschlie\u00dfendem Mittagstisch mit frischen Sch\u00e4uferla aus dem Backofen mit Klo\u00df und Kraut (nur auf Vorbestellung), Schnitzel mit Pommes oder Kartoffelsalat (nur auf Vorbestellung) und Salatteller der Saison.<\/p>\n<p>Am Familiennachmittag wird wieder einiges f\u00fcr Jung und Alt geboten u. a. eine Schau\u00fcbung unserer Jugendfeuerwehr, eine H\u00fcpfburg, Rundfahrt im Feuerwehrauto, Wettspritzen mit der K\u00fcbelspritze und Feuerwehrautos basteln.<\/p>\n<p>F\u00fcr das leibliche Wohl ist bestens gesorgt!<br \/>\nAn beiden Tagen Fassbier der Brauerei Greif, Pizza, verschiedene Grillspezialit\u00e4ten, die bekannten Fleischspie\u00dfe der Feuerwehr und Stadtwurst mit Musik (\u00e1 la Sch\u00fctz Betty).<\/p>\n<p>Vorbestellungen der Sch\u00e4uferla und Schnitzel sind telefonisch unter 0162 4421070 (S. Pfeufer) bis zum 25. Juni m\u00f6glich!<\/p>\n<p>Schaut gerne an beiden Tagen vorbei!<\/p>\n<p>Auf euren Besuch freut sich die Feuerwehr Weilersbach!<\/p>\n<p>&nbsp;<\/p>\n","protected":false},"excerpt":{"rendered":"<p>&nbsp; Wir m\u00f6chten die ganze Bev\u00f6lkerung ganz herzlich zu unserem Sommerfest vom 01.07. bis 02.07.2023 einladen! Am Samstag beginnen wir ab 10.00 Uhr mit der Bambini-Challenge (Stationen verschiedener Hilfsorganisationen im &hellip; <\/p>\n","protected":false},"author":1,"featured_media":0,"comment_status":"closed","ping_status":"closed","sticky":false,"template":"","format":"standard","meta":{"ngg_post_thumbnail":0,"footnotes":""},"categories":[1,10],"tags":[],"class_list":["post-9661","post","type-post","status-publish","format-standard","hentry","category-allgemein","category-verein"],"_links":{"self":[{"href":"https:\/\/ffw-weilersbach.de\/wordpress\/wp-json\/wp\/v2\/posts\/9661","targetHints":{"allow":["GET"]}}],"collection":[{"href":"https:\/\/ffw-weilersbach.de\/wordpress\/wp-json\/wp\/v2\/posts"}],"about":[{"href":"https:\/\/ffw-weilersbach.de\/wordpress\/wp-json\/wp\/v2\/types\/post"}],"author":[{"embeddable":true,"href":"https:\/\/ffw-weilersbach.de\/wordpress\/wp-json\/wp\/v2\/users\/1"}],"replies":[{"embeddable":true,"href":"https:\/\/ffw-weilersbach.de\/wordpress\/wp-json\/wp\/v2\/comments?post=9661"}],"version-history":[{"count":2,"href":"https:\/\/ffw-weilersbach.de\/wordpress\/wp-json\/wp\/v2\/posts\/9661\/revisions"}],"predecessor-version":[{"id":9666,"href":"https:\/\/ffw-weilersbach.de\/wordpress\/wp-json\/wp\/v2\/posts\/9661\/revisions\/9666"}],"wp:attachment":[{"href":"https:\/\/ffw-weilersbach.de\/wordpress\/wp-json\/wp\/v2\/media?parent=9661"}],"wp:term":[{"taxonomy":"category","embeddable":true,"href":"https:\/\/ffw-weilersbach.de\/wordpress\/wp-json\/wp\/v2\/categories?post=9661"},{"taxonomy":"post_tag","embeddable":true,"href":"https:\/\/ffw-weilersbach.de\/wordpress\/wp-json\/wp\/v2\/tags?post=9661"}],"curies":[{"name":"wp","href":"https:\/\/api.w.org\/{rel}","templated":true}]}}