{"id":6873,"date":"2019-11-19T23:42:58","date_gmt":"2019-11-19T22:42:58","guid":{"rendered":"https:\/\/ffw-weilersbach.de\/wordpress\/?p=6873"},"modified":"2019-11-19T23:45:16","modified_gmt":"2019-11-19T22:45:16","slug":"thl-leistungspruefung-2019","status":"publish","type":"post","link":"https:\/\/ffw-weilersbach.de\/wordpress\/archive\/6873","title":{"rendered":"THL Leistungspr\u00fcfung 2019"},"content":{"rendered":"<p class=\"article-dachzeile\">&nbsp;<\/p>\n<h4 class=\"article-teaser\">Fit f\u00fcr den Ernstfall: Unf\u00e4lle z\u00e4hlen mit zu den h\u00e4ufigsten Einsatz-Szenarien der Weilersbacher Feuerwehr. Um daf\u00fcr ger\u00fcstet zu sein, zeigten zwei Gruppen jetzt, dass sie im Training gut gearbeitet haben und absolvierten erfolgreich und fehlerfrei die \u00dcbung &#8222;Die Gruppe im Hilfeleistungseinsatz&#8220;.<\/h4>\n<h4>Die Pr\u00fcfung simulierte das Vorgehen bei einem Verkehrsunfall, bei dem eine eingeklemmte Person mit Spreizer und Rettungsschere befreit werden musste.<\/h4>\n<h4>Bestens vorbereitet wurden die 14 Feuerwehrfrauen und -m\u00e4nner vom zweitem Kommandanten Markus Friedel. Zur bestandenen Pr\u00fcfung gratulierten die Schiedsrichter Kreisbrandinspektor Wolfgang Wunner, Kreisbrandmeister Franz-Josef Hetz und Kreisbrandmeister Michael W\u00f6lker sowie B\u00fcrgermeister Gerhard Amon, Kommandant Michael Henkel und Ehrenkommandant Anton Weisel.<\/h4>\n<p>&nbsp;<\/p>\n<p><img loading=\"lazy\" decoding=\"async\" class=\"aligncenter size-full wp-image-6872\" src=\"https:\/\/ffw-weilersbach.de\/wordpress\/wp-content\/uploads\/2019\/11\/leistungspr\u00fcfung-2019.jpg\" alt=\"\" width=\"587\" height=\"330\" srcset=\"https:\/\/ffw-weilersbach.de\/wordpress\/wp-content\/uploads\/2019\/11\/leistungspr\u00fcfung-2019.jpg 587w, https:\/\/ffw-weilersbach.de\/wordpress\/wp-content\/uploads\/2019\/11\/leistungspr\u00fcfung-2019-300x169.jpg 300w\" sizes=\"auto, (max-width: 587px) 100vw, 587px\" \/><\/p>\n<h4>Die Abzeichen der Leistungsstufe in Bronze erhielten Heinz Appoldt, Lorena Schriefer und Christian Bierfelder. In Silber: Johannes Hack und Christian Gath. In Gold: Anna Hack und Patrick Tenta. In Gold-Blau: Christoph Pfeufer und Sebastian Pfeufer. In Gold-Gr\u00fcn: Dominik Amon, Joachim Hack und Rudolf Pfeufer. Und in Gold-Rot: Markus Friedel und J\u00fcrgen Weiskopf.<\/h4>\n<h4>Heidi Amon<\/h4>\n<p>&nbsp;<\/p>\n","protected":false},"excerpt":{"rendered":"<p>&nbsp; Fit f\u00fcr den Ernstfall: Unf\u00e4lle z\u00e4hlen mit zu den h\u00e4ufigsten Einsatz-Szenarien der Weilersbacher Feuerwehr. Um daf\u00fcr ger\u00fcstet zu sein, zeigten zwei Gruppen jetzt, dass sie im Training gut gearbeitet &hellip; <\/p>\n","protected":false},"author":1,"featured_media":0,"comment_status":"closed","ping_status":"closed","sticky":false,"template":"","format":"standard","meta":{"ngg_post_thumbnail":0,"footnotes":""},"categories":[1,5],"tags":[],"class_list":["post-6873","post","type-post","status-publish","format-standard","hentry","category-allgemein","category-leistungspruefung"],"_links":{"self":[{"href":"https:\/\/ffw-weilersbach.de\/wordpress\/wp-json\/wp\/v2\/posts\/6873","targetHints":{"allow":["GET"]}}],"collection":[{"href":"https:\/\/ffw-weilersbach.de\/wordpress\/wp-json\/wp\/v2\/posts"}],"about":[{"href":"https:\/\/ffw-weilersbach.de\/wordpress\/wp-json\/wp\/v2\/types\/post"}],"author":[{"embeddable":true,"href":"https:\/\/ffw-weilersbach.de\/wordpress\/wp-json\/wp\/v2\/users\/1"}],"replies":[{"embeddable":true,"href":"https:\/\/ffw-weilersbach.de\/wordpress\/wp-json\/wp\/v2\/comments?post=6873"}],"version-history":[{"count":4,"href":"https:\/\/ffw-weilersbach.de\/wordpress\/wp-json\/wp\/v2\/posts\/6873\/revisions"}],"predecessor-version":[{"id":6877,"href":"https:\/\/ffw-weilersbach.de\/wordpress\/wp-json\/wp\/v2\/posts\/6873\/revisions\/6877"}],"wp:attachment":[{"href":"https:\/\/ffw-weilersbach.de\/wordpress\/wp-json\/wp\/v2\/media?parent=6873"}],"wp:term":[{"taxonomy":"category","embeddable":true,"href":"https:\/\/ffw-weilersbach.de\/wordpress\/wp-json\/wp\/v2\/categories?post=6873"},{"taxonomy":"post_tag","embeddable":true,"href":"https:\/\/ffw-weilersbach.de\/wordpress\/wp-json\/wp\/v2\/tags?post=6873"}],"curies":[{"name":"wp","href":"https:\/\/api.w.org\/{rel}","templated":true}]}}