{"id":6610,"date":"2019-04-17T00:41:01","date_gmt":"2019-04-16T22:41:01","guid":{"rendered":"https:\/\/ffw-weilersbach.de\/wordpress\/?p=6610"},"modified":"2019-04-27T22:02:42","modified_gmt":"2019-04-27T20:02:42","slug":"truppfuehrertest-beendet-die-modulare-grundausbildung","status":"publish","type":"post","link":"https:\/\/ffw-weilersbach.de\/wordpress\/archive\/6610","title":{"rendered":"Truppf\u00fchrertest beendet die Modulare Grundausbildung"},"content":{"rendered":"<h4>&nbsp;<\/h4>\n<h4 class=\"article-teaser\">Erstmals ist der neue Truppf\u00fchrerabschluss in der Freiwilligen Feuerwehr Weilersbach erfolgreich durchgef\u00fchrt worden. Alle Teilnehmer hatten bereits das Basismodul der Modularen Grundausbildung durchlaufen hatten. Nun folgte der Abschluss mit dem Erwerb der Truppf\u00fchrerqualifikation.<\/h4>\n<p>&nbsp;<\/p>\n<p><img loading=\"lazy\" decoding=\"async\" class=\"aligncenter size-large wp-image-6609\" src=\"https:\/\/ffw-weilersbach.de\/wordpress\/wp-content\/uploads\/2019\/04\/ffw-weilersbach-700x394.jpg\" alt=\"\" width=\"600\" height=\"338\" srcset=\"https:\/\/ffw-weilersbach.de\/wordpress\/wp-content\/uploads\/2019\/04\/ffw-weilersbach-700x394.jpg 700w, https:\/\/ffw-weilersbach.de\/wordpress\/wp-content\/uploads\/2019\/04\/ffw-weilersbach-300x169.jpg 300w, https:\/\/ffw-weilersbach.de\/wordpress\/wp-content\/uploads\/2019\/04\/ffw-weilersbach-768x432.jpg 768w, https:\/\/ffw-weilersbach.de\/wordpress\/wp-content\/uploads\/2019\/04\/ffw-weilersbach.jpg 853w\" sizes=\"auto, (max-width: 600px) 100vw, 600px\" \/><\/p>\n<h4>Chefausbilder Thorsten Dennerlein hatte die Teilnehmer innerhalb von vier Wochen auf die Pr\u00fcfung vorbereitet.<\/h4>\n<h4>Sie umfasste mehrere Einsatz\u00fcbungen in der Gruppe vom ausgedehnten Zimmerbrand mit Personenrettung \u00fcber Leitern bis zum Verkehrsunfall mit verletzten Personen. Erschwerend kam bei den praktischen \u00dcbungen hinzu, dass die angehenden Truppf\u00fchrer auf pl\u00f6tzlich auftretende Lage\u00e4nderungen, zum Beispiel Auftauchen von Gasflaschen oder zus\u00e4tzliche Verletze, angemessen reagieren mussten. Neben der feuerwehrtechnischen Praxis wurden auch einfache Erste-Hilfe-Ma\u00dfnahmen bei den \u00dcbungen gepr\u00fcft. Zuvor hatten die Teilnehmer eine schriftliche Pr\u00fcfung mit 25 Fragen zu bew\u00e4ltigen.<\/h4>\n<h4>Die Teilnehmenden: Lorena Schriefer, Lucy Staron, Jonas Saffer, Heinz Appoldt, Benedikt Seiler und Roland R\u00fcdiger.<\/h4>\n<h4>Die Pr\u00fcfer Dominik Dumpert, KBM Michael W\u00f6lker und KBR Oliver Flake bescheinigten allen Teilnehmern eine gute Leistung.<\/h4>\n<p data-kx=\"fe0d846b-a713-41a9-ae94-973fd1ba9f41\">&nbsp;<\/p>\n","protected":false},"excerpt":{"rendered":"<p>&nbsp; Erstmals ist der neue Truppf\u00fchrerabschluss in der Freiwilligen Feuerwehr Weilersbach erfolgreich durchgef\u00fchrt worden. Alle Teilnehmer hatten bereits das Basismodul der Modularen Grundausbildung durchlaufen hatten. Nun folgte der Abschluss mit &hellip; <\/p>\n","protected":false},"author":1,"featured_media":0,"comment_status":"closed","ping_status":"closed","sticky":false,"template":"","format":"standard","meta":{"ngg_post_thumbnail":0,"footnotes":""},"categories":[1,5],"tags":[],"class_list":["post-6610","post","type-post","status-publish","format-standard","hentry","category-allgemein","category-leistungspruefung"],"_links":{"self":[{"href":"https:\/\/ffw-weilersbach.de\/wordpress\/wp-json\/wp\/v2\/posts\/6610","targetHints":{"allow":["GET"]}}],"collection":[{"href":"https:\/\/ffw-weilersbach.de\/wordpress\/wp-json\/wp\/v2\/posts"}],"about":[{"href":"https:\/\/ffw-weilersbach.de\/wordpress\/wp-json\/wp\/v2\/types\/post"}],"author":[{"embeddable":true,"href":"https:\/\/ffw-weilersbach.de\/wordpress\/wp-json\/wp\/v2\/users\/1"}],"replies":[{"embeddable":true,"href":"https:\/\/ffw-weilersbach.de\/wordpress\/wp-json\/wp\/v2\/comments?post=6610"}],"version-history":[{"count":4,"href":"https:\/\/ffw-weilersbach.de\/wordpress\/wp-json\/wp\/v2\/posts\/6610\/revisions"}],"predecessor-version":[{"id":6623,"href":"https:\/\/ffw-weilersbach.de\/wordpress\/wp-json\/wp\/v2\/posts\/6610\/revisions\/6623"}],"wp:attachment":[{"href":"https:\/\/ffw-weilersbach.de\/wordpress\/wp-json\/wp\/v2\/media?parent=6610"}],"wp:term":[{"taxonomy":"category","embeddable":true,"href":"https:\/\/ffw-weilersbach.de\/wordpress\/wp-json\/wp\/v2\/categories?post=6610"},{"taxonomy":"post_tag","embeddable":true,"href":"https:\/\/ffw-weilersbach.de\/wordpress\/wp-json\/wp\/v2\/tags?post=6610"}],"curies":[{"name":"wp","href":"https:\/\/api.w.org\/{rel}","templated":true}]}}