{"id":613,"date":"2009-11-03T08:09:02","date_gmt":"2009-11-03T07:09:02","guid":{"rendered":"http:\/\/www.ffw-weilersbach.de\/wordpress\/?p=613"},"modified":"2009-11-03T08:09:02","modified_gmt":"2009-11-03T07:09:02","slug":"zwei-frauen-erreichen-hochste-stufen","status":"publish","type":"post","link":"https:\/\/ffw-weilersbach.de\/wordpress\/archive\/613","title":{"rendered":"Zwei Frauen erreichen h\u00f6chste Stufen"},"content":{"rendered":"<p>Eine gemischte Gruppe der Freiwilligen Feuerwehr Weilersbach absolvierte die Leistungspr\u00fcfung \u201eDie Gruppe im L\u00f6scheinsatz\u201c. Dabei muss herausgehoben werden, dass zum einem 3 junge Feuerwehraktive erstmals an der Leistungspr\u00fcfung teilnahmen und zum anderen zwei Damen die h\u00f6chste Stufe Gold-Rot erwarben. Die Pr\u00fcfer KBI Georg Henkel, KBM Franz-Josef Hetz und KBM Wolfgang Wunner bescheinigten den Teilnehmern eine hervorragende Zusammenarbeit untereinander, w\u00e4hrend der erfolgreich durchgef\u00fchrten Pr\u00fcfung. Es wurden Abzeichen verschiedenster Stufen erreicht: Anna Hack, Lisa Gath und Sebastian Pfeufer (alle Bronze) \u2013 Amon Christopher (Gold Blau) \u2013 Manuela Wunner (Gold Gr\u00fcn) sowie Carmen Gelbhardt als Maschinistin und Carola Gath (Gold Rot). Als Gruppenf\u00fchrer und gleichzeitig als Ausbilder fungierte 2.Kdt. Michael Henkel. Auch 1.Bgm. Gerhard Amon und 3.Bgm. Otmar Dennerlein konnten sich ein Bild vom guten Ausbildungsstand der Weilersbacher Feuerwehrler machen.<br \/>\nBei der anschlie\u00dfenden Verleihung bedankte sich 1.Kdt. Wolfgang Wunner besonders beim Ausbilder Michael Henkel, der erst k\u00fcrzlich als 2.Kommandant gew\u00e4hlt wurde und f\u00fcr die Leistungspr\u00fcfungen verantwortlich ist. Auch 1. Bgm. Amon und KBI Henkel bedanken sich f\u00fcr die Ausbildung und die Teilnahme an Leistungspr\u00fcfungen. Zum einen wisse die politische Gemeinde was sie an ihrer Feuerwehr hat, was sich auch darin spiegelt, dass zum einen mit Manuela Wunner ein aktives Gemeinderatsmitglied an der Leistungspr\u00fcfung teilgenommen hat und zum anderen im Januar 2010 ein neues L\u00f6schgruppenfahrzeug in Betrieb genommen wird. Viele Leute reden \u00fcber Anschaffungen, in der Gemeinde und Feuerwehr Weilersbach wird gehandelt.<\/p>\n","protected":false},"excerpt":{"rendered":"<p>Eine gemischte Gruppe der Freiwilligen Feuerwehr Weilersbach absolvierte die Leistungspr\u00fcfung \u201eDie Gruppe im L\u00f6scheinsatz\u201c. Dabei muss herausgehoben werden, dass zum einem 3 junge Feuerwehraktive erstmals an der Leistungspr\u00fcfung teilnahmen und &hellip; <\/p>\n","protected":false},"author":5,"featured_media":0,"comment_status":"closed","ping_status":"closed","sticky":false,"template":"","format":"standard","meta":{"ngg_post_thumbnail":0,"footnotes":""},"categories":[1],"tags":[],"class_list":["post-613","post","type-post","status-publish","format-standard","hentry","category-allgemein"],"_links":{"self":[{"href":"https:\/\/ffw-weilersbach.de\/wordpress\/wp-json\/wp\/v2\/posts\/613","targetHints":{"allow":["GET"]}}],"collection":[{"href":"https:\/\/ffw-weilersbach.de\/wordpress\/wp-json\/wp\/v2\/posts"}],"about":[{"href":"https:\/\/ffw-weilersbach.de\/wordpress\/wp-json\/wp\/v2\/types\/post"}],"author":[{"embeddable":true,"href":"https:\/\/ffw-weilersbach.de\/wordpress\/wp-json\/wp\/v2\/users\/5"}],"replies":[{"embeddable":true,"href":"https:\/\/ffw-weilersbach.de\/wordpress\/wp-json\/wp\/v2\/comments?post=613"}],"version-history":[{"count":0,"href":"https:\/\/ffw-weilersbach.de\/wordpress\/wp-json\/wp\/v2\/posts\/613\/revisions"}],"wp:attachment":[{"href":"https:\/\/ffw-weilersbach.de\/wordpress\/wp-json\/wp\/v2\/media?parent=613"}],"wp:term":[{"taxonomy":"category","embeddable":true,"href":"https:\/\/ffw-weilersbach.de\/wordpress\/wp-json\/wp\/v2\/categories?post=613"},{"taxonomy":"post_tag","embeddable":true,"href":"https:\/\/ffw-weilersbach.de\/wordpress\/wp-json\/wp\/v2\/tags?post=613"}],"curies":[{"name":"wp","href":"https:\/\/api.w.org\/{rel}","templated":true}]}}