{"id":5126,"date":"2013-11-11T19:07:22","date_gmt":"2013-11-11T18:07:22","guid":{"rendered":"http:\/\/www.ffw-weilersbach.de\/wordpress\/?p=2931"},"modified":"2013-11-11T19:07:22","modified_gmt":"2013-11-11T18:07:22","slug":"feuerwehrtag-2013-2","status":"publish","type":"post","link":"https:\/\/ffw-weilersbach.de\/wordpress\/archive\/5126","title":{"rendered":"Feuerwehrtag 2013"},"content":{"rendered":"<p>&nbsp;<\/p>\n<p>Bericht aus dem Fr\u00e4nkischen Tag vom 03.11.2013<\/p>\n<blockquote>\n<h1>Weilersbacher Feuerwehr \u00fcbt einen ganzen Tag lang<\/h1>\n<p>&nbsp;<\/p>\n<p><strong>Die Freiwillige Feuerwehr Weilersbach veranstaltete das erste Mal in ihrer Geschichte einen \u00dcbungstag.<\/strong><\/p>\n<p>&#8222;Sinn und Zweck dieser \u00dcbung war es, den Wissens- und Ausbildungsstand zu verbessern und die Kameradschaft zu f\u00f6rdern&#8220;, sagte Kommandant Wolfgang Wunner, der mit seinen Stellvertreter Michael Henkel und Ger\u00e4tewart Benjamin Striegel den Tag plante und organisierte.<\/p>\n<p>Es fanden verschiedene Ausbildungen in Theorie und Praxis statt, au\u00dferdem wurden im Gemeindebereich verschiedene Einsatz\u00fcbungen abgehalten, hei\u00dft es in einer Pressemitteilung der Feuerwehr. Bei der ersten \u00dcbung am Vormittag lautete die Alarmmeldung &#8222;Pkw gegen Radlader, eine Person eingeklemmt&#8220;. Dabei mussten die Brandsch\u00fctzer einen Verletzten mit Rettungsschere und Spreize aus dem Wrack, das auf der Fahrerseite lag, befreien. Nach einem gemeinsamen Mittagessen ging es nach Oberweilersbach. Dort war ein Waldarbeiter zwischen R\u00fcckewagen und Traktor eingeklemmt. Hierbei musste der Greifzug der Feuerwehr eingesetzt werden. Zum Abschluss wurde ein Autobrand unter schwerem Atemschutz gel\u00f6scht.<\/p>\n<p>&#8222;Alle Teilnehmer waren begeistert von diesem Tag und m\u00f6chten, dass so etwas wiederholt wird. Wir konnten in Ruhe die \u00dcbungen abhalten und danach ausgiebig besprechen&#8220; sagte der Zweite Kommandant Michael Henkel. Zum Abschluss folgten noch ein paar gem\u00fctliche Stunden im Ger\u00e4tehaus der Weilersbacher Wehr, dabei lie\u00df man die \u00dcbungen nochmals Revue passieren.<\/p><\/blockquote>\nngg_shortcode_0_placeholder\n","protected":false},"excerpt":{"rendered":"<p>&nbsp; Bericht aus dem Fr\u00e4nkischen Tag vom 03.11.2013 Weilersbacher Feuerwehr \u00fcbt einen ganzen Tag lang &nbsp; Die Freiwillige Feuerwehr Weilersbach veranstaltete das erste Mal in ihrer Geschichte einen \u00dcbungstag. &#8222;Sinn &hellip; <\/p>\n","protected":false},"author":1,"featured_media":0,"comment_status":"closed","ping_status":"closed","sticky":false,"template":"","format":"standard","meta":{"ngg_post_thumbnail":0,"footnotes":""},"categories":[3],"tags":[],"class_list":["post-5126","post","type-post","status-publish","format-standard","hentry","category-uebung"],"_links":{"self":[{"href":"https:\/\/ffw-weilersbach.de\/wordpress\/wp-json\/wp\/v2\/posts\/5126","targetHints":{"allow":["GET"]}}],"collection":[{"href":"https:\/\/ffw-weilersbach.de\/wordpress\/wp-json\/wp\/v2\/posts"}],"about":[{"href":"https:\/\/ffw-weilersbach.de\/wordpress\/wp-json\/wp\/v2\/types\/post"}],"author":[{"embeddable":true,"href":"https:\/\/ffw-weilersbach.de\/wordpress\/wp-json\/wp\/v2\/users\/1"}],"replies":[{"embeddable":true,"href":"https:\/\/ffw-weilersbach.de\/wordpress\/wp-json\/wp\/v2\/comments?post=5126"}],"version-history":[{"count":0,"href":"https:\/\/ffw-weilersbach.de\/wordpress\/wp-json\/wp\/v2\/posts\/5126\/revisions"}],"wp:attachment":[{"href":"https:\/\/ffw-weilersbach.de\/wordpress\/wp-json\/wp\/v2\/media?parent=5126"}],"wp:term":[{"taxonomy":"category","embeddable":true,"href":"https:\/\/ffw-weilersbach.de\/wordpress\/wp-json\/wp\/v2\/categories?post=5126"},{"taxonomy":"post_tag","embeddable":true,"href":"https:\/\/ffw-weilersbach.de\/wordpress\/wp-json\/wp\/v2\/tags?post=5126"}],"curies":[{"name":"wp","href":"https:\/\/api.w.org\/{rel}","templated":true}]}}