{"id":5110,"date":"2019-01-24T14:45:54","date_gmt":"2019-01-24T13:45:54","guid":{"rendered":"https:\/\/ffw-weilersbach.de\/wordpress\/?p=5110"},"modified":"2019-02-02T22:22:08","modified_gmt":"2019-02-02T21:22:08","slug":"nachbesprechung-zum-schweren-vu-auf-der-b470","status":"publish","type":"post","link":"https:\/\/ffw-weilersbach.de\/wordpress\/archive\/5110","title":{"rendered":"Nachbesprechung zum schweren VU auf der B470"},"content":{"rendered":"\r\n<p>&nbsp;<\/p>\r\n\r\n\r\n\r\n<p>WEILERSBACH &#8211; Am 03.01.2019 kam es gegen 16.20 Uhr zu einem schweren Verkehrsunfall auf der B 470 zwischen Reuth und Weilersbach. Zwei Fahrzeuge waren dort frontal zusammengesto\u00dfen. Ein Fahrzeug kam aus ungekl\u00e4rter Ursache ins Bankett und schleuderte dann auf die Gegenfahrbahn in einem mit 5 Personen besetzten PKW.<\/p>\r\n\r\n\r\n\r\n<p>W\u00e4hrend der einzelne Fahrzeugf\u00fchrer von Ersthelfern aus dem Fahrzeug gerettet wurde, gestaltete sich die Rettung aus dem anderen Fahrzeug schwieriger. Fahrerin und Beifahrerin waren eingeklemmt. Nachdem die 3 Kinder und Jugendlichen aus dem hinteren Bereich bereits dem Rettungsdienst \u00fcbergeben worden waren, begann man in Absprache mit den zust\u00e4ndigen Not\u00e4rzten an beiden Seiten gleichzeitig mit der Befreiung der beiden Eingeklemmten. Hierbei arbeiteten die beiden Feuerwehren Kirchehrenbach und Weilersbach Hand in Hand und erg\u00e4nzten, je nachdem was n\u00f6tig war, ihre Ausr\u00fcstung. Nach kurzer Zeit konnten beide Frauen dem Rettungsdienst \u00fcbergeben werden. F\u00fcr den Fahrer des anderen Fahrzeuges kam allerdings jede Hilfe zu sp\u00e4t und er verstarb. Die Fahrerin kam mit dem Rettungshubschrauber&nbsp;&nbsp;(ITH Christoph N\u00fcrnberg) in die Klinik. Die anderen verletzten Personen kamen in umliegende Kliniken. Die B 470 blieb f\u00fcr ca. 4 Stunden komplett gesperrt. Vor Ort waren mit insgesamt 60 Einsatzkr\u00e4fte die Feuerwehren Reuth, Kirchehrenbach und Weilersbach, die sich gegenseitig bei der Ausleuchtung, Absperrung, Umleitung, Rettung und Reinigung unterst\u00fctzen. Von der Kreisbrandinspektion waren auch KBR Oliver Flake, KBI Wolfgang Wunner, KBM Jan Gruska und KBM Dietmar Willert vor Ort. Bezirks\u00fcbergreifend hatte KBI Wolfgang Wunner als ersteintreffender F\u00fchrungsdienstgrad die Einsatzleitung. Der Rettungsdienst aus den verschiedensten Organisationen war mit 6 Not\u00e4rzten, einem leitenden Notarzt, eine Vielzahl von Rettungssanit\u00e4tern und diversen Fahrzeugen vertreten. Die Unfallaufnahme erfolgte durch die Polizeiinspektion Forchheim unter F\u00fchrung eines Sachverst\u00e4ndigen und der Staatsanwalt.<\/p>\r\n\r\n\r\n\r\n<p>&nbsp;<\/p>\r\n\r\n\r\n\r\n<p>Auf Anregung vom 1. Kommandanten der Feuerwehr Weilersbach Michael Henkel erfolgte dann am 08.01.2019 eine Nachbesprechung aller beteiligten Organisationen im vollbesetzten Feuerwehrger\u00e4tehaus in Weilersbach. Die Polizei war durch Herrn Robert Schaffranitz, der auch den Polizeieinsatz geleitet hat, vertreten. Die Rettungsorganisationen waren an der Spitze mit Leitender Notarzt Dr. Andres Wetzler und andere Vertretern der verschiedenen Organisationen gekommen. Die&nbsp;&nbsp;3 \u201ePaten\u201cFeuerwehren Reuth, Kirchehrenbach und Weilersbach sowie die beteiligten F\u00fchrungsdienstgrade waren ebenfalls vor Ort. Unter der Moderation von Michael Henkel begann nun der Erfahrungsaustausch. Alle waren sich einig, dass diese Extremsituation mit 6 Verletzten von allen in Ruhe und mit Routine abgearbeitet wurde. Hierbei wurden auch einige Unstimmigkeiten beseitigt, als die verschiedenen Organisationen ihre Seh- und Arbeitsweise schilderten. Ein Problem dabei war immer die Kennzeichnung der verschiedenen Einsatzkr\u00e4fte, hier wolle man weiter Aufkl\u00e4rungsarbeit betreiben u.a. mit gemeinsamen Treffen und \u00dcbungen. Auch der Umgang mit der Presse wurde diskutiert. Diverse Verbesserungen wurden angesprochen und werden bei den n\u00e4chsten Eins\u00e4tzen wohl umgesetzt. Robert Schaffranitz von der Polizeiinspektion erl\u00e4uterte nochmals die Arbeitsweise der Polizei. Zum einem bedankte er sich bei den Rettungsorganisationen f\u00fcr ihren Einsatz und zum anderen bat er um Verst\u00e4ndnis, dass die Feuerwehren 4 Stunden im Einsatz sein mussten, damit eine genaue Unfallaufnahme m\u00f6glich war. Nach kurzer Diskussion war das \u00fcbereinstimmende Fazit aller Teilnehmer, dass diese Nachbesprechung sehr viele positive Effekte erzielt hat und man diese \u00f6fters auch zeitnah abhalten sollte. Dadurch k\u00f6nnte jeder nur noch besser in diesen Situationen reagieren. Zum Abschluss dankte Michael Henkel allen Organisationen f\u00fcr ihre Teilnahme.<\/p>\r\n\r\n\r\n\r\n<p>Wunner Wolfgang Kreisbrandinspektor<\/p>\r\nngg_shortcode_0_placeholder\r\n","protected":false},"excerpt":{"rendered":"<p>&nbsp; WEILERSBACH &#8211; Am 03.01.2019 kam es gegen 16.20 Uhr zu einem schweren Verkehrsunfall auf der B 470 zwischen Reuth und Weilersbach. Zwei Fahrzeuge waren dort frontal zusammengesto\u00dfen. Ein Fahrzeug &hellip; <\/p>\n","protected":false},"author":1,"featured_media":0,"comment_status":"closed","ping_status":"closed","sticky":false,"template":"","format":"standard","meta":{"ngg_post_thumbnail":0,"footnotes":""},"categories":[1,2],"tags":[],"class_list":["post-5110","post","type-post","status-publish","format-standard","hentry","category-allgemein","category-einsatz"],"_links":{"self":[{"href":"https:\/\/ffw-weilersbach.de\/wordpress\/wp-json\/wp\/v2\/posts\/5110","targetHints":{"allow":["GET"]}}],"collection":[{"href":"https:\/\/ffw-weilersbach.de\/wordpress\/wp-json\/wp\/v2\/posts"}],"about":[{"href":"https:\/\/ffw-weilersbach.de\/wordpress\/wp-json\/wp\/v2\/types\/post"}],"author":[{"embeddable":true,"href":"https:\/\/ffw-weilersbach.de\/wordpress\/wp-json\/wp\/v2\/users\/1"}],"replies":[{"embeddable":true,"href":"https:\/\/ffw-weilersbach.de\/wordpress\/wp-json\/wp\/v2\/comments?post=5110"}],"version-history":[{"count":13,"href":"https:\/\/ffw-weilersbach.de\/wordpress\/wp-json\/wp\/v2\/posts\/5110\/revisions"}],"predecessor-version":[{"id":6467,"href":"https:\/\/ffw-weilersbach.de\/wordpress\/wp-json\/wp\/v2\/posts\/5110\/revisions\/6467"}],"wp:attachment":[{"href":"https:\/\/ffw-weilersbach.de\/wordpress\/wp-json\/wp\/v2\/media?parent=5110"}],"wp:term":[{"taxonomy":"category","embeddable":true,"href":"https:\/\/ffw-weilersbach.de\/wordpress\/wp-json\/wp\/v2\/categories?post=5110"},{"taxonomy":"post_tag","embeddable":true,"href":"https:\/\/ffw-weilersbach.de\/wordpress\/wp-json\/wp\/v2\/tags?post=5110"}],"curies":[{"name":"wp","href":"https:\/\/api.w.org\/{rel}","templated":true}]}}