{"id":5053,"date":"2019-01-15T23:41:00","date_gmt":"2019-01-15T22:41:00","guid":{"rendered":"http:\/\/www.ffw-weilersbach.de\/wordpress\/?p=5053"},"modified":"2019-02-02T22:13:32","modified_gmt":"2019-02-02T21:13:32","slug":"dienst-und-generalversammlung-2019","status":"publish","type":"post","link":"https:\/\/ffw-weilersbach.de\/wordpress\/archive\/5053","title":{"rendered":"Dienst- und Generalversammlung 2019"},"content":{"rendered":"<h4>&nbsp;<\/h4>\n<h4>Das Wochenende vom 12.01. 2019 bis zum 13.01.2019 stand in Weilersbach ganz im Zeichen der Feuerwehr.<\/h4>\n<h4>Am Samstag fand im bis auf den letzten Platz gef\u00fcllten Gasthaus Hubert unser Kameradschaftsabend statt.<br \/>\nDer Sonntag begann mit einem Kirchenzug und Festgottesdienst in St. Anna Weilersbach. Zum Fr\u00fchschoppen spielten die Weilersbacher Musikanten.<\/h4>\n<h4>Um 15 Uhr begann die Dienst- Generalversammlung 2019:<\/h4>\n<h4>In der Dienstversammlung blickten unser 1. Kommandant Michael Henkel, der Atemschutzwart Sebastian Pfeufer<span class=\"text_exposed_show\">, der Jugendwart Christoph Pfeufer, die Leiterin der Bambinigruppe Anna Hack sowie unser Ger\u00e4tewart Mario Finze auf das abgelaufene Feuerwehrjahr zur\u00fcck.<br \/>\n1. B\u00fcrgermeister Gerhard Amon leitete die Versammlung und informierte \u00fcber die wichtigsten Zahlen rund um das Feuerwehrwesen in der Gemeinde Weilersbach.<br \/>\n<\/span><\/h4>\n<h4><span class=\"text_exposed_show\">Bei der Generalversammlung standen in diesem Jahr in erster Linie Ehrungen und Neuwahlen im Vordergrund:<br \/>\n<\/span><\/h4>\n<h4><span class=\"text_exposed_show\">Die scheidenden Vorst\u00e4nde Michael W\u00f6lker, Thomas Wunner und Josef Gath wurden f\u00fcr ihre langj\u00e4hrige Arbeit ausgezeichnet. Zus\u00e4tzlich wurde jedem als Dankesch\u00f6n ein Pr\u00e4sent \u00fcberreicht.<br \/>\nZur Ehrenschriftf\u00fchrerin wurde Heidi Amon nach 21-j\u00e4hrige T\u00e4tigkeit als Schriftf\u00fchrerin ernannt.<br \/>\nTobias Maltenberger \u00fcbernahm nach den Neuwahlen als neuer 1. Vorsitzender die Versammlung und freut sich auf die Zusammenarbeit mit der neu gew\u00e4hlten Vorstandschaft und der aktiven F\u00fchrung. Gleichzeitig dankte er noch einmal allen aus der Vorstandschaft ausscheidenden f\u00fcr ihre Jahrelange Arbeit f\u00fcr unseren Verein.<\/span><\/h4>\n<h4><span class=\"text_exposed_show\"><br \/>\nAnbei einige Impressionen mit allen wichtigen Informationen zu unserer Dienst- und Generalversammlung.<\/span><\/h4>\nngg_shortcode_0_placeholder\n","protected":false},"excerpt":{"rendered":"<p>&nbsp; Das Wochenende vom 12.01. 2019 bis zum 13.01.2019 stand in Weilersbach ganz im Zeichen der Feuerwehr. Am Samstag fand im bis auf den letzten Platz gef\u00fcllten Gasthaus Hubert unser &hellip; <\/p>\n","protected":false},"author":1,"featured_media":0,"comment_status":"closed","ping_status":"closed","sticky":false,"template":"","format":"standard","meta":{"ngg_post_thumbnail":0,"footnotes":""},"categories":[1,10],"tags":[],"class_list":["post-5053","post","type-post","status-publish","format-standard","hentry","category-allgemein","category-verein"],"_links":{"self":[{"href":"https:\/\/ffw-weilersbach.de\/wordpress\/wp-json\/wp\/v2\/posts\/5053","targetHints":{"allow":["GET"]}}],"collection":[{"href":"https:\/\/ffw-weilersbach.de\/wordpress\/wp-json\/wp\/v2\/posts"}],"about":[{"href":"https:\/\/ffw-weilersbach.de\/wordpress\/wp-json\/wp\/v2\/types\/post"}],"author":[{"embeddable":true,"href":"https:\/\/ffw-weilersbach.de\/wordpress\/wp-json\/wp\/v2\/users\/1"}],"replies":[{"embeddable":true,"href":"https:\/\/ffw-weilersbach.de\/wordpress\/wp-json\/wp\/v2\/comments?post=5053"}],"version-history":[{"count":14,"href":"https:\/\/ffw-weilersbach.de\/wordpress\/wp-json\/wp\/v2\/posts\/5053\/revisions"}],"predecessor-version":[{"id":6458,"href":"https:\/\/ffw-weilersbach.de\/wordpress\/wp-json\/wp\/v2\/posts\/5053\/revisions\/6458"}],"wp:attachment":[{"href":"https:\/\/ffw-weilersbach.de\/wordpress\/wp-json\/wp\/v2\/media?parent=5053"}],"wp:term":[{"taxonomy":"category","embeddable":true,"href":"https:\/\/ffw-weilersbach.de\/wordpress\/wp-json\/wp\/v2\/categories?post=5053"},{"taxonomy":"post_tag","embeddable":true,"href":"https:\/\/ffw-weilersbach.de\/wordpress\/wp-json\/wp\/v2\/tags?post=5053"}],"curies":[{"name":"wp","href":"https:\/\/api.w.org\/{rel}","templated":true}]}}