{"id":4882,"date":"2018-01-24T19:55:26","date_gmt":"2018-01-24T18:55:26","guid":{"rendered":"http:\/\/www.ffw-weilersbach.de\/wordpress\/?p=4882"},"modified":"2018-01-24T20:25:51","modified_gmt":"2018-01-24T19:25:51","slug":"feuerwehr-ist-359-mann-stark-und-ehrt-treue-mitglieder","status":"publish","type":"post","link":"https:\/\/ffw-weilersbach.de\/wordpress\/archive\/4882","title":{"rendered":"Feuerwehr ist 359 Mann stark und ehrt treue Mitglieder"},"content":{"rendered":"<p>&nbsp;<\/p>\n<p><span style=\"font-size: 14pt;\">Auf ein ereignisreiches Jahr blickte die Feuerwehr Weilersbach in ihrer Jahreshauptversammlung im Gasthaus Hubert\/Reichelt zur\u00fcck. Aktuell geh\u00f6ren der Wehr 359 Mitglieder an.<\/span><br \/>\n<span style=\"font-size: 14pt;\"> Und die Weilersbacher Rothelme hatten wieder so einiges auf die Beine gestellt. Vom Kameradschaftsabend beim &#8222;Tag der Feuerwehr&#8220; bis zum Feuerwehr-Fr\u00fchjahrslauf, vom Sommerfest bis zum Weinfest, von der Kinderolympiade und der Jugend-Karpfenpartie bis zur Schlachtsch\u00fcssel waren alle Veranstaltungen gut besucht. Als N\u00e4chstes stehen eine Karpfenpartie der Jugend, der Fr\u00fchjahrslauf am 24. April sowie eine Tagesskifahrt im Kalender.<\/span><br \/>\n<span style=\"font-size: 14pt;\"> Zugestimmt hat die Versammlung einer Satzungs\u00e4nderung. Und zwar werden in Zukunft der Vorstand mit Vertrauensleuten sowie die Kassenpr\u00fcfer auf die Dauer von vier Jahren gew\u00e4hlt. Bisher waren es bei den Vorstandswahlen sechs Jahre und bei den Kassenpr\u00fcfern zwei Jahre. Auf Antrag von Stefan Roppelt wird in die Satzungs\u00e4nderung auch die Wahl eines Stellvertreters f\u00fcr den Kassier aufgenommen. Dass die Feuerwehr auf einem soliden Fundament steht, vermeldete Kassier Christopher Gelbhardt, er sprach von einem Kassenplus.<\/span><br \/>\n<span style=\"font-size: 14pt;\"> Die Weilersbacher Feuerwehr-Jugend zeigte ihre soziale Ader. Sie wollte einfach einmal etwas Gutes tun und hat sich entschlossen, 200 Euro der Lebenshilfe zu spenden. Die Jugendwarte haben den Betrag aufgestockt und konnten im Rahmen der Versammlung an den Gesch\u00e4ftsf\u00fchrer der Lebenshilfe, Wolfgang Badura, 350 Euro \u00fcbergeben, der sich \u00fcber die Gro\u00dfherzigkeit der jungen Leute sehr freute.<\/span><\/p>\n<figure id=\"attachment_4881\" aria-describedby=\"caption-attachment-4881\" style=\"width: 952px\" class=\"wp-caption aligncenter\"><img loading=\"lazy\" decoding=\"async\" class=\"wp-image-4881 size-full\" src=\"http:\/\/www.ffw-weilersbach.de\/wordpress\/wp-content\/uploads\/2018\/01\/2821494_artikel-detail-bild_1qp-Iu_6F3iUd.jpg\" alt=\"\" width=\"952\" height=\"488\" srcset=\"https:\/\/ffw-weilersbach.de\/wordpress\/wp-content\/uploads\/2018\/01\/2821494_artikel-detail-bild_1qp-Iu_6F3iUd.jpg 952w, https:\/\/ffw-weilersbach.de\/wordpress\/wp-content\/uploads\/2018\/01\/2821494_artikel-detail-bild_1qp-Iu_6F3iUd-300x154.jpg 300w, https:\/\/ffw-weilersbach.de\/wordpress\/wp-content\/uploads\/2018\/01\/2821494_artikel-detail-bild_1qp-Iu_6F3iUd-768x394.jpg 768w\" sizes=\"auto, (max-width: 952px) 100vw, 952px\" \/><figcaption id=\"caption-attachment-4881\" class=\"wp-caption-text\">Die Geehrten f\u00fcr 50 Jahre (v. l.): Vorsitzender Michael W\u00f6lker, Georg Henkel, B\u00fcrgermeister Gerhard Amon, Hans Bierfelder, Alfred Hack, Arthur W\u00f6lker, Zweiter Vorsitzender Thomas Wunner, Herbert D\u00f6tzer, Dritter Vorsitzender Josef Gath, Ludwig Hack und Vizeb\u00fcrgermeister Roland Dauer Foto: Heidi Amon<\/figcaption><\/figure>\n<p>&nbsp;<\/p>\n<p><span style=\"font-size: 14pt;\">Schlie\u00dflich dankten Vorsitzender Michael W\u00f6lker und seine beiden Stellvertreter Thomas Wunner und Josef Gath einer Reihe von Mitgliedern f\u00fcr ihre Treue zum Verein. Auf die l\u00e4ngste Zeit blickten Willi \u00dcbelacker mit 70 Jahren und Reinhold Erlwein mit 60 Jahren zur\u00fcck. Ihr Goldjubil\u00e4um 50 Jahre konnten Hans Bierfelder, Herbert D\u00f6tzer, Alfred Hack, Ludwig Hack, Georg Henkel und Arthur W\u00f6lker begehen. 40 Jahre sind dabei Anton Kreller sowie Josef Henkel und Reinhold Tenta.<\/span><\/p>\n<p><span style=\"font-size: 14pt;\">Mit einer Bilder-Pr\u00e4sentation von Stefan Hack \u00fcber das Feuerwehrlaufteam sowie von Adjutant Markus Friedel zu den Geschehnissen im Weilersbacher Feuerwehrleben endete die mit 80 Teilnehmern sehr gut besuchte Jahreshauptversammlung. <\/span><\/p>\n<p><span style=\"font-size: 14pt;\">Heidi Amon<\/span><\/p>\n","protected":false},"excerpt":{"rendered":"<p>&nbsp; Auf ein ereignisreiches Jahr blickte die Feuerwehr Weilersbach in ihrer Jahreshauptversammlung im Gasthaus Hubert\/Reichelt zur\u00fcck. Aktuell geh\u00f6ren der Wehr 359 Mitglieder an. Und die Weilersbacher Rothelme hatten wieder so &hellip; <\/p>\n","protected":false},"author":1,"featured_media":0,"comment_status":"closed","ping_status":"closed","sticky":false,"template":"","format":"standard","meta":{"ngg_post_thumbnail":0,"footnotes":""},"categories":[1,10],"tags":[],"class_list":["post-4882","post","type-post","status-publish","format-standard","hentry","category-allgemein","category-verein"],"_links":{"self":[{"href":"https:\/\/ffw-weilersbach.de\/wordpress\/wp-json\/wp\/v2\/posts\/4882","targetHints":{"allow":["GET"]}}],"collection":[{"href":"https:\/\/ffw-weilersbach.de\/wordpress\/wp-json\/wp\/v2\/posts"}],"about":[{"href":"https:\/\/ffw-weilersbach.de\/wordpress\/wp-json\/wp\/v2\/types\/post"}],"author":[{"embeddable":true,"href":"https:\/\/ffw-weilersbach.de\/wordpress\/wp-json\/wp\/v2\/users\/1"}],"replies":[{"embeddable":true,"href":"https:\/\/ffw-weilersbach.de\/wordpress\/wp-json\/wp\/v2\/comments?post=4882"}],"version-history":[{"count":5,"href":"https:\/\/ffw-weilersbach.de\/wordpress\/wp-json\/wp\/v2\/posts\/4882\/revisions"}],"predecessor-version":[{"id":4887,"href":"https:\/\/ffw-weilersbach.de\/wordpress\/wp-json\/wp\/v2\/posts\/4882\/revisions\/4887"}],"wp:attachment":[{"href":"https:\/\/ffw-weilersbach.de\/wordpress\/wp-json\/wp\/v2\/media?parent=4882"}],"wp:term":[{"taxonomy":"category","embeddable":true,"href":"https:\/\/ffw-weilersbach.de\/wordpress\/wp-json\/wp\/v2\/categories?post=4882"},{"taxonomy":"post_tag","embeddable":true,"href":"https:\/\/ffw-weilersbach.de\/wordpress\/wp-json\/wp\/v2\/tags?post=4882"}],"curies":[{"name":"wp","href":"https:\/\/api.w.org\/{rel}","templated":true}]}}