{"id":4607,"date":"2017-01-30T16:37:56","date_gmt":"2017-01-30T15:37:56","guid":{"rendered":"http:\/\/www.ffw-weilersbach.de\/wordpress\/?p=4607"},"modified":"2017-01-30T23:22:54","modified_gmt":"2017-01-30T22:22:54","slug":"feuerwehrfuehrerschein-fuer-sebastian-pfeufer","status":"publish","type":"post","link":"https:\/\/ffw-weilersbach.de\/wordpress\/archive\/4607","title":{"rendered":"Feuerwehrf\u00fchrerschein  f\u00fcr Sebastian Pfeufer"},"content":{"rendered":"<div class=\"text_exposed_root text_exposed\"><\/div>\n<h4 id=\"id_588f5bc298ed32b53858000\" class=\"text_exposed_root text_exposed\">\u00a0Am 28.01.2016 erwarb Sebastian Pfeufer als erster Kamerad in unserer Wehr durch eine praktische Fahrpr\u00fcfung den Feuerwehrf\u00fchrerschein.<\/h4>\n<h4 class=\"text_exposed_root text_exposed\">Herzlichen Gl\u00fcckwunsch zur bestandenen Pr\u00fcfung und Vielen Dank an Ausbilder J\u00fcrgen Weiskopf und Pr\u00fcfer Stefan Roppelt.<\/h4>\n<h4 class=\"text_exposed_root text_exposed\">Was ist eigentlich der Hintergrund des Feuerwehrf\u00fchrerscheins?<\/h4>\n<h4 class=\"text_exposed_root text_exposed\">Seit der Einf\u00fchrung der zweiten EU-F\u00fchrerscheinrichtlinie im Jahr 1999 k\u00f6nnen Erwerber <span class=\"text_exposed_show\">von Pkw-F\u00fchrerscheinen (Klasse B) keine Fahrzeuge mehr in der Gewichtsklasse zwischen 3,5 t und 7,5 t f\u00fchren. Dies bedeutet massive Probleme f\u00fcr die Freiwilligen Feuerwehren, wenn deren Einsatzfahrzeuge schwerer als 3,5 t zul\u00e4ssiges Gesamtgewicht sind. Nur die Inhaber alter Pkw-F\u00fchrerscheine d\u00fcrfen diese schwereren Einsatzfahrzeuge f\u00fchren.<br \/>\nMit dem <\/span>Feuerwehrf<span class=\"text_exposed_show\">\u00fchrerschein haben die Feuerwehrdienstleistenden nun die M\u00f6glichkeit im Feuerwehrdienst Fahrzeuge bis 7,5 Tonnen zu f\u00fchren.<\/span><\/h4>\n<p>&nbsp;<\/p>\n<div class=\"text_exposed_root text_exposed\"><\/div>\n<div class=\"text_exposed_root text_exposed\"><img loading=\"lazy\" decoding=\"async\" class=\"aligncenter size-full wp-image-4608\" src=\"http:\/\/www.ffw-weilersbach.de\/wordpress\/wp-content\/uploads\/2017\/01\/f\u00fchrerschein1_n.jpg\" alt=\"\" width=\"868\" height=\"958\" srcset=\"https:\/\/ffw-weilersbach.de\/wordpress\/wp-content\/uploads\/2017\/01\/f\u00fchrerschein1_n.jpg 868w, https:\/\/ffw-weilersbach.de\/wordpress\/wp-content\/uploads\/2017\/01\/f\u00fchrerschein1_n-272x300.jpg 272w, https:\/\/ffw-weilersbach.de\/wordpress\/wp-content\/uploads\/2017\/01\/f\u00fchrerschein1_n-768x848.jpg 768w\" sizes=\"auto, (max-width: 868px) 100vw, 868px\" \/><\/div>\n<div class=\"text_exposed_root text_exposed\"><\/div>\n<div id=\"fbPhotoSnowliftProductsTagList\" class=\"pts fbPhotoProductsTagList\"><\/div>\n<div id=\"fbPhotoSnowliftLegacyTagList\" class=\"pts fbPhotoLegacyTagList\"><\/div>\n<div id=\"fbPhotoSnowliftOwnerButtons\" class=\"mvm fbPhotosPhotoOwnerButtons stat_elem\"><\/div>\n","protected":false},"excerpt":{"rendered":"<p>\u00a0Am 28.01.2016 erwarb Sebastian Pfeufer als erster Kamerad in unserer Wehr durch eine praktische Fahrpr\u00fcfung den Feuerwehrf\u00fchrerschein. Herzlichen Gl\u00fcckwunsch zur bestandenen Pr\u00fcfung und Vielen Dank an Ausbilder J\u00fcrgen Weiskopf und &hellip; <\/p>\n","protected":false},"author":1,"featured_media":0,"comment_status":"closed","ping_status":"closed","sticky":false,"template":"","format":"standard","meta":{"ngg_post_thumbnail":0,"footnotes":""},"categories":[4,2,15],"tags":[],"class_list":["post-4607","post","type-post","status-publish","format-standard","hentry","category-atemschutz","category-einsatz","category-maschinisten"],"_links":{"self":[{"href":"https:\/\/ffw-weilersbach.de\/wordpress\/wp-json\/wp\/v2\/posts\/4607","targetHints":{"allow":["GET"]}}],"collection":[{"href":"https:\/\/ffw-weilersbach.de\/wordpress\/wp-json\/wp\/v2\/posts"}],"about":[{"href":"https:\/\/ffw-weilersbach.de\/wordpress\/wp-json\/wp\/v2\/types\/post"}],"author":[{"embeddable":true,"href":"https:\/\/ffw-weilersbach.de\/wordpress\/wp-json\/wp\/v2\/users\/1"}],"replies":[{"embeddable":true,"href":"https:\/\/ffw-weilersbach.de\/wordpress\/wp-json\/wp\/v2\/comments?post=4607"}],"version-history":[{"count":6,"href":"https:\/\/ffw-weilersbach.de\/wordpress\/wp-json\/wp\/v2\/posts\/4607\/revisions"}],"predecessor-version":[{"id":4614,"href":"https:\/\/ffw-weilersbach.de\/wordpress\/wp-json\/wp\/v2\/posts\/4607\/revisions\/4614"}],"wp:attachment":[{"href":"https:\/\/ffw-weilersbach.de\/wordpress\/wp-json\/wp\/v2\/media?parent=4607"}],"wp:term":[{"taxonomy":"category","embeddable":true,"href":"https:\/\/ffw-weilersbach.de\/wordpress\/wp-json\/wp\/v2\/categories?post=4607"},{"taxonomy":"post_tag","embeddable":true,"href":"https:\/\/ffw-weilersbach.de\/wordpress\/wp-json\/wp\/v2\/tags?post=4607"}],"curies":[{"name":"wp","href":"https:\/\/api.w.org\/{rel}","templated":true}]}}