{"id":4594,"date":"2017-01-21T21:53:26","date_gmt":"2017-01-21T20:53:26","guid":{"rendered":"http:\/\/www.ffw-weilersbach.de\/wordpress\/?p=4594"},"modified":"2017-01-21T21:53:26","modified_gmt":"2017-01-21T20:53:26","slug":"feuerwehr-ist-mittelpunkt","status":"publish","type":"post","link":"https:\/\/ffw-weilersbach.de\/wordpress\/archive\/4594","title":{"rendered":"Feuerwehr ist Mittelpunkt"},"content":{"rendered":"<p>&nbsp;<\/p>\n<h4>Wer einmal Mitglied wird, der bleibt &#8211; und so war die Zahl der Mitglieder, die auf der Jahrshauptversammlung der Feuerwehr Weilersbach von Vorsitzendem Michael W\u00f6lker und seinem Vize Josef Gath geehrt wurden, besonders gro\u00df.<br \/>\n25 Jahre dabei sind Gerhard Amon, Klaus Amon, Herbert Hack und Detlev Hollatz. 40 halten die Treue Konrad Pfeufer, Herbert Gath, Helmut Stein, Richard Wagner, Erwin Drummer, Robert Greller, Reinhard Braun, Peter Pickelmann und Klaus Beck. Auf ein halbes Jahrhundert bringen es Georg Hofmann, Hans Lang und Georg Striegel. Letzterer war w\u00e4hrend dieser Zeit 40 Jahre aktiver Feuerwehrmann.<br \/>\nDas seltene 60. Jubil\u00e4um konnten Hans \u00dcbelacker, Armin Amon, Ehrenmitglied Manfred Hack, Franz Tenta und Rudi Apelt feiern. Wenn Hans \u00dcbelacker zur\u00fcckschaut, war es f\u00fcr ihn vor sechs Jahrzehnten &#8222;ganz normal&#8220;, dass man zur Feuerwehr geht. &#8222;Die war einer der wichtigsten Vereine im Dorf.&#8220; Er leistete jedoch nicht nur 40 Jahre aktiven Dienst, er engagierte sich vor allem im Verein \u00fcber die Ma\u00dfen. So trug er vor \u00fcber 40 Jahren als Vorsitzender der Oberweilersbacher Feuerwehr ma\u00dfgeblich dazu bei, dass die beiden Wehren Oberweilersbach und Unterweilersbach zur &#8222;Feuerwehr Weilersbach&#8220; zusammengelegt wurden. Lange Jahre war er deren Vorsitzender.<br \/>\nBis heute setzt er sich als Vorstandsmitglied f\u00fcr die Belange seiner Heimatwehr ein. &#8222;Viele Gr\u00fcnde hat es gegeben, die mich an der Feuerwehr von jeher fasziniert haben&#8220;, denkt er zur\u00fcck. &#8222;Es hat einfach Spa\u00df gemacht und solange ich kann, werde ich meiner Feuerwehr treu bleiben.&#8220; Als Mitgliederstand benannte Vorsitzender W\u00f6lker mit 345 Personen. Dann hielt er R\u00fcckschau und gab einen Ausblick auf Veranstaltungen 2017: allen voran eine Tagesskifahrt am 4. M\u00e4rz und der Feuerwehrfr\u00fchjahrslauf am 23. April.<br \/>\nGut l\u00e4uft es nach Leiterin Anna Hack auch bei den Bambini. 23 Kinder im Alter von neun bis elf Jahren geh\u00f6ren dazu. Eines der gr\u00f6\u00dften Highlights war wieder die Kinderfeuerwehrolympiade, die bereits zum vierten Mal auf Landkreisebene in Weilersbach stattfand.<br \/>\nDen Schlusspunkt setzte Stefan Hack, Chef der Feuerwehr-Laufgruppe, mit einem Kurzbericht \u00fcber die Aktivit\u00e4ten der Gruppe. &#8222;Wir sind gut etabliert&#8220;, fasst er zusammen. <span class=\"artKursiv\"> dia<\/span><\/h4>\n","protected":false},"excerpt":{"rendered":"<p>&nbsp; Wer einmal Mitglied wird, der bleibt &#8211; und so war die Zahl der Mitglieder, die auf der Jahrshauptversammlung der Feuerwehr Weilersbach von Vorsitzendem Michael W\u00f6lker und seinem Vize Josef &hellip; <\/p>\n","protected":false},"author":1,"featured_media":0,"comment_status":"closed","ping_status":"closed","sticky":false,"template":"","format":"standard","meta":{"ngg_post_thumbnail":0,"footnotes":""},"categories":[1,10],"tags":[],"class_list":["post-4594","post","type-post","status-publish","format-standard","hentry","category-allgemein","category-verein"],"_links":{"self":[{"href":"https:\/\/ffw-weilersbach.de\/wordpress\/wp-json\/wp\/v2\/posts\/4594","targetHints":{"allow":["GET"]}}],"collection":[{"href":"https:\/\/ffw-weilersbach.de\/wordpress\/wp-json\/wp\/v2\/posts"}],"about":[{"href":"https:\/\/ffw-weilersbach.de\/wordpress\/wp-json\/wp\/v2\/types\/post"}],"author":[{"embeddable":true,"href":"https:\/\/ffw-weilersbach.de\/wordpress\/wp-json\/wp\/v2\/users\/1"}],"replies":[{"embeddable":true,"href":"https:\/\/ffw-weilersbach.de\/wordpress\/wp-json\/wp\/v2\/comments?post=4594"}],"version-history":[{"count":1,"href":"https:\/\/ffw-weilersbach.de\/wordpress\/wp-json\/wp\/v2\/posts\/4594\/revisions"}],"predecessor-version":[{"id":4595,"href":"https:\/\/ffw-weilersbach.de\/wordpress\/wp-json\/wp\/v2\/posts\/4594\/revisions\/4595"}],"wp:attachment":[{"href":"https:\/\/ffw-weilersbach.de\/wordpress\/wp-json\/wp\/v2\/media?parent=4594"}],"wp:term":[{"taxonomy":"category","embeddable":true,"href":"https:\/\/ffw-weilersbach.de\/wordpress\/wp-json\/wp\/v2\/categories?post=4594"},{"taxonomy":"post_tag","embeddable":true,"href":"https:\/\/ffw-weilersbach.de\/wordpress\/wp-json\/wp\/v2\/tags?post=4594"}],"curies":[{"name":"wp","href":"https:\/\/api.w.org\/{rel}","templated":true}]}}