{"id":4590,"date":"2017-01-21T21:47:33","date_gmt":"2017-01-21T20:47:33","guid":{"rendered":"http:\/\/www.ffw-weilersbach.de\/wordpress\/?p=4590"},"modified":"2017-01-21T21:50:16","modified_gmt":"2017-01-21T20:50:16","slug":"feuerwehr-ehrenzeichen-fuer-stein-und-gath","status":"publish","type":"post","link":"https:\/\/ffw-weilersbach.de\/wordpress\/archive\/4590","title":{"rendered":"Feuerwehr-Ehrenzeichen f\u00fcr Stein und Gath"},"content":{"rendered":"<h4><\/h4>\n<h4>&#8222;Auf die Feuerwehr ist Verlass &#8211; sie wird gerufen, wenn&#8217;s brennt, l\u00f6scht, leistet Hilfe in Not und Gefahr, r\u00fcckt wieder ab und wartet auf den n\u00e4chsten Einsatz&#8220;, leitete Kommandant Michael Henkel, der neue Mann der Aktiven, seinen ersten Jahresbericht ein. Und zu dieser Feuerwehr, so Henkel, geh\u00f6ren zwei M\u00e4nner, die seit 40 Jahren ehrenamtlichen aktiven Dienst leisten und f\u00fcr die gelte: &#8222;Helfen ohne wenn und aber.&#8220; Gemeint waren Helmut Stein und Herbert Gath. Im Rahmen der Dienstversammlung wurden sie nun von Landrat Herrmann Ulm und Kreisbrandrat Oliver Flake mit dem Feuerwehr-Ehrenzeichen des Freistaates Bayern ausgezeichnet.<\/h4>\n<h4>\nZur Dienstversammlung waren \u00fcber 80 Teilnehmer ins Feuerwehrhaus gekommen. So viele waren es schon lange nicht mehr, so dass der Schulungssaal fast aus allen N\u00e4hten platzte. Kommandant Henkel hatte in seinen Bericht viel Informatives und H\u00f6renswertes eingepackt. So leisteten 73 Aktive (13 Frauen und 60 M\u00e4nner) ehrenamtlichen Dienst, dazu 13 Jugendliche, also insgesamt 86. 23 Mal wurde die Wehr alarmiert, meistens um bei Unf\u00e4llen zu helfen. Brandeins\u00e4tze gab es drei.<br \/>\nDabei wurden von 541 Kameraden und Kameradinnen 550 Stunden ehrenamtlich f\u00fcr unsere Mitmenschen geleistet. Um fit zu bleiben, absolvierten die Aktiven 32 \u00dcbungen, davon sechs f\u00fcr den Digitalfunk, der im Landkreis nun zu 100 Prozent l\u00e4uft. Die Jugendfeuerwehr mit drei Jungs und 14 M\u00e4dels kam nach Jugendleiter Christoph Pfeufer zu 23 \u00dcbungen zusammen. Nebenher standen Weiterbildungen sowie \u00dcbungsvorbereitungen und Freizeitaktivit\u00e4ten auf dem Jahresprogramm.<\/h4>\n<h4>Gro\u00dfes Lob f\u00fcr diese hervorragende Jugendarbeit unter Christoph Pfeufer gab es da nicht nur vom Landrat und Kreisbrandrat, sondern auch von B\u00fcrgermeister Gerhard Amon.<br \/>\n26 der 73 Aktiven sind nach Sebastian Pfeufer Atemschutzger\u00e4te-Tr\u00e4ger. 20 dieser Spezialisten sind im Besitz einer g\u00fcltigen G 26. Einer von ihnen nahm im Vorjahr an einer Ausbildung im Brandcontainer in Siegritzau teil, in dem sehr realististisch Feuer und Hitze simuliert werden.<\/h4>\n<h4>Ein Ziel hat Henkel aber bereits fest vor Augen. Die Fahrzeughallen sind am Limit angelangt. Die Feuerwehr braucht mehr Platz. Eventuell sei ein Anbau des Feuerwehrhauses unumg\u00e4nglich, berichtete er. Das ist laut B\u00fcrgermeister Amon jedoch wegen der fehlenden Abstandsfl\u00e4chen nicht so ohne weiteres m\u00f6glich. \u00dcber die Details wird sich der Gemeinderat eingehend beraten. &#8222;Es muss etwas passieren, Platz brauchen wir &#8211; und dies geht vor, vor allem anderen&#8220;, betonte der Gemeindechef.<\/h4>\n<h4>Zwingend notwendig sei auch die Aufstellung eines neuen L\u00f6schwasser-Beh\u00e4lters. Und zwar im Bereich des Nahversorgungszentrums.<\/h4>\n<h4>\nZu L\u00f6schmeistern wurden ernannt: Matthias D\u00f6tzer, Christopher Amon, Stefan Roppelt und Christoph Pfeufer. Christoph Pfeufer ist ebenso der neu ausgebildete Gruppenf\u00fchrer.<\/h4>\n<h4>In den aktiven Dienst wurden aufgenommen: Felix Dennerlein, Lea Grimm, Leonie Gelbhardt, Lina D\u00f6tzer, Milena Morat, Cindy Hofmann, Franziska Maltenberger, Sebastian R\u00fctten, Herbert Rauch, Benedikt Seiler und Roland R\u00fcdiger. Vier Kameraden sagten an diesem Tag dem aktiven Dienst &#8222;servus&#8220;: Bernhard Hack, Clemens Seiler, Herbert Gath und Josef Amon. Abschlie\u00dfend dankten Landrat Ulm, Kreisbrandrat Flake und B\u00fcrgermeister Amon den Aktiven f\u00fcr ihren Einsatz. <span class=\"artKursiv\"> dia<\/span><\/h4>\n","protected":false},"excerpt":{"rendered":"<p>&#8222;Auf die Feuerwehr ist Verlass &#8211; sie wird gerufen, wenn&#8217;s brennt, l\u00f6scht, leistet Hilfe in Not und Gefahr, r\u00fcckt wieder ab und wartet auf den n\u00e4chsten Einsatz&#8220;, leitete Kommandant Michael &hellip; <\/p>\n","protected":false},"author":1,"featured_media":0,"comment_status":"closed","ping_status":"closed","sticky":false,"template":"","format":"standard","meta":{"ngg_post_thumbnail":0,"footnotes":""},"categories":[1,10],"tags":[],"class_list":["post-4590","post","type-post","status-publish","format-standard","hentry","category-allgemein","category-verein"],"_links":{"self":[{"href":"https:\/\/ffw-weilersbach.de\/wordpress\/wp-json\/wp\/v2\/posts\/4590","targetHints":{"allow":["GET"]}}],"collection":[{"href":"https:\/\/ffw-weilersbach.de\/wordpress\/wp-json\/wp\/v2\/posts"}],"about":[{"href":"https:\/\/ffw-weilersbach.de\/wordpress\/wp-json\/wp\/v2\/types\/post"}],"author":[{"embeddable":true,"href":"https:\/\/ffw-weilersbach.de\/wordpress\/wp-json\/wp\/v2\/users\/1"}],"replies":[{"embeddable":true,"href":"https:\/\/ffw-weilersbach.de\/wordpress\/wp-json\/wp\/v2\/comments?post=4590"}],"version-history":[{"count":3,"href":"https:\/\/ffw-weilersbach.de\/wordpress\/wp-json\/wp\/v2\/posts\/4590\/revisions"}],"predecessor-version":[{"id":4593,"href":"https:\/\/ffw-weilersbach.de\/wordpress\/wp-json\/wp\/v2\/posts\/4590\/revisions\/4593"}],"wp:attachment":[{"href":"https:\/\/ffw-weilersbach.de\/wordpress\/wp-json\/wp\/v2\/media?parent=4590"}],"wp:term":[{"taxonomy":"category","embeddable":true,"href":"https:\/\/ffw-weilersbach.de\/wordpress\/wp-json\/wp\/v2\/categories?post=4590"},{"taxonomy":"post_tag","embeddable":true,"href":"https:\/\/ffw-weilersbach.de\/wordpress\/wp-json\/wp\/v2\/tags?post=4590"}],"curies":[{"name":"wp","href":"https:\/\/api.w.org\/{rel}","templated":true}]}}