{"id":4578,"date":"2016-11-19T22:35:13","date_gmt":"2016-11-19T21:35:13","guid":{"rendered":"http:\/\/www.ffw-weilersbach.de\/wordpress\/?p=4578"},"modified":"2016-11-19T22:35:13","modified_gmt":"2016-11-19T21:35:13","slug":"einsatzuebung-kellerbrand-im-sportlerheim","status":"publish","type":"post","link":"https:\/\/ffw-weilersbach.de\/wordpress\/archive\/4578","title":{"rendered":"Einsatz\u00fcbung \u2013 Kellerbrand im Sportlerheim"},"content":{"rendered":"<h4>geschrieben von: Burkhardt Florian | KFV Forchheim<\/h4>\n<h4>WEILERSBACH | Dichte Rauchschwaden zogen bereits \u00fcber die angrenzenden Sportpl\u00e4tze und Felder, als die Integrierte Leitstelle Bamberg am Mittwochabend (02.11.16) die Feuerwehren aus Weilersbach und Umgebung auf den Plan rief. Zu einer Einsatz\u00fcbung im Sportheim Weilersbach wurden kurz nach 19 Uhr die Feuerwehren aus Weilersbach, Kirchehrenbach, Rettern, Reifenberg, Reuth, Ebermannstadt und Pretzfeld alarmiert.<br \/>\nAngenommen wurde ein Brand im Keller des weitl\u00e4ufigen Geb\u00e4udes. Die Atemschutztrupps der anwesenden Feuerwehren mussten unter anderem die zahlreichen Umkleidekabinen durchsuchen, um insgesamt f\u00fcnf vermisste Personen zu finden und zu retten. W\u00e4hrend der Rettungsaktion k\u00fcmmerten sich die Wehren aus Reifenberg, Rettern, Reuth und Kirchehrenbach um den Aufbau zweier Schlauchstrecken, damit der L\u00f6schwasserbedarf sichergestellt werden konnte. Das Wasser wurde aus zwei L\u00f6schwasserbeh\u00e4ltern entnommen und mehrere hundert Meter weit, bis hin zur eigentlichen Einsatzstelle gepumpt.<br \/>\nDa die Au\u00dfentemperaturen mittlerweile im einstelligen Bereich angekommen waren, wurde von der Feuerwehr Pretzfeld ein Schnelleinsatzzelt errichtet. Dieses Zelt ist Teil der umfangreichen Beladung des Dekon-P Fahrzeuges des Landkreises Forchheim. Das Zelt kann im Einsatzfall zum Aufw\u00e4rmen und als Wetterschutz genutzt werden.<br \/>\nIm Anschluss an die \u00dcbung und den damit verbundenen Aufr\u00e4umarbeiten gab es im Feuerwehrhaus Weilersbach die Gelegenheit, die \u00dcbung Revue passieren zu lassen. Kreisbrandinspektor Wolfgang Wunner sprach zusammen mit dem Weilersbacher Kommandanten Michael Henkel einige positive und ein paar negative Punkte an, auf die in Zukunft vermehrt geachtet werden sollte. Beide bedankten sich bei den rund 77 Einsatzkr\u00e4ften f\u00fcr ihr ehrenamtliches Engagement und f\u00fcr ihr kommen. \u201eEinsatz\u00fcbungen dieser Art seien wichtig, um die Leistungsf\u00e4higkeit der Wehren zu ermitteln. Da macht es keinen Sinn, vorher jedem Bescheid zu sagen\u201c erg\u00e4nzte Wunner abschlie\u00dfend.<\/h4>\n<p>&nbsp;<\/p>\nngg_shortcode_0_placeholder\n","protected":false},"excerpt":{"rendered":"<p>geschrieben von: Burkhardt Florian | KFV Forchheim WEILERSBACH | Dichte Rauchschwaden zogen bereits \u00fcber die angrenzenden Sportpl\u00e4tze und Felder, als die Integrierte Leitstelle Bamberg am Mittwochabend (02.11.16) die Feuerwehren aus &hellip; <\/p>\n","protected":false},"author":1,"featured_media":0,"comment_status":"closed","ping_status":"closed","sticky":false,"template":"","format":"standard","meta":{"ngg_post_thumbnail":0,"footnotes":""},"categories":[2,3],"tags":[],"class_list":["post-4578","post","type-post","status-publish","format-standard","hentry","category-einsatz","category-uebung"],"_links":{"self":[{"href":"https:\/\/ffw-weilersbach.de\/wordpress\/wp-json\/wp\/v2\/posts\/4578","targetHints":{"allow":["GET"]}}],"collection":[{"href":"https:\/\/ffw-weilersbach.de\/wordpress\/wp-json\/wp\/v2\/posts"}],"about":[{"href":"https:\/\/ffw-weilersbach.de\/wordpress\/wp-json\/wp\/v2\/types\/post"}],"author":[{"embeddable":true,"href":"https:\/\/ffw-weilersbach.de\/wordpress\/wp-json\/wp\/v2\/users\/1"}],"replies":[{"embeddable":true,"href":"https:\/\/ffw-weilersbach.de\/wordpress\/wp-json\/wp\/v2\/comments?post=4578"}],"version-history":[{"count":1,"href":"https:\/\/ffw-weilersbach.de\/wordpress\/wp-json\/wp\/v2\/posts\/4578\/revisions"}],"predecessor-version":[{"id":4580,"href":"https:\/\/ffw-weilersbach.de\/wordpress\/wp-json\/wp\/v2\/posts\/4578\/revisions\/4580"}],"wp:attachment":[{"href":"https:\/\/ffw-weilersbach.de\/wordpress\/wp-json\/wp\/v2\/media?parent=4578"}],"wp:term":[{"taxonomy":"category","embeddable":true,"href":"https:\/\/ffw-weilersbach.de\/wordpress\/wp-json\/wp\/v2\/categories?post=4578"},{"taxonomy":"post_tag","embeddable":true,"href":"https:\/\/ffw-weilersbach.de\/wordpress\/wp-json\/wp\/v2\/tags?post=4578"}],"curies":[{"name":"wp","href":"https:\/\/api.w.org\/{rel}","templated":true}]}}