{"id":4559,"date":"2016-11-02T22:42:06","date_gmt":"2016-11-02T21:42:06","guid":{"rendered":"http:\/\/www.ffw-weilersbach.de\/wordpress\/?p=4559"},"modified":"2016-11-19T21:00:49","modified_gmt":"2016-11-19T20:00:49","slug":"leistungspruefung-die-gruppe-im-loescheinsatz-2016","status":"publish","type":"post","link":"https:\/\/ffw-weilersbach.de\/wordpress\/archive\/4559","title":{"rendered":"Leistungspr\u00fcfung 2016 Die Gruppe im L\u00f6scheinsatz"},"content":{"rendered":"<p>&nbsp;<\/p>\n<h4>Am Samstag, dem 29. Oktober 2016 legten 19 Teilnehmer\/-innen der Freiwilligen Feuerwehr Weilersbach erfolgreich die Leistungspr\u00fcfung \u201eDie Gruppe im L\u00f6scheinsatz\u201c ab.<br \/>\nVor den Augen der Schiedsrichter Kreisbrandinspektor Wolfgang Wunner und den beiden Kreisbrandmeistern Michael W\u00f6lker und Michael Lorke mussten die Pr\u00fcflinge je nach abzulegender Stufe in Theorie und Praxis verschiedene Zusatzaufgaben wie Ger\u00e4tekunde, Erste-Hilfe, Kn\u00f6ten und Stiche meistern. Erstmals wurde bei de<span class=\"text_exposed_show\">r Feuerwehr Weilersbach die Leistungspr\u00fcfung Wasser der Variante 3 mit Innenangriff durchgef\u00fchrt.<br \/>\nErster Kommandant Michael Henkel bedankte sich abschlie\u00dfend bei allen Teilnehmern f\u00fcr ihre gro\u00dfartige Leistung und ihr Engagement sowie dem stv. Kommandanten Markus Friedel f\u00fcr die Ausbildung.<br \/>\nIm Anschluss wurden die Gruppen im Beisein vom 1. B\u00fcrgermeister Gerhard Amon und 3. B\u00fcrgermeister Roland Dauer im Feuerwehrhaus mit den Leistungsabzeichen in Rot-Gold, Gold-Gr\u00fcn, Gold-Blau, Gold, Silber und Bronze ausgezeichnet.<br \/>\nHerzlichen Gl\u00fcckwunsch zur bestandenen Pr\u00fcfung.<\/span><\/h4>\n<div class=\"text_exposed_show\">\n<h4>Die Teilnehmer waren:<br \/>\nBronze: Uli Mauser, Dominik Gath, Markus Baptistella, Jonas Saffer, Melanie Tenta, Patrick Tenta, Jakob Wolf, Tobias Maltenberger, Lena Weiskopf, Lena Hack und Seitz Michael<br \/>\nSilber: Anna Hack, Christoph Pfeufer, Johannes Hack<br \/>\nGold(3): Sebastian Pfeufer<br \/>\nGold Blau (4) : Finze Mario, Patrick Wunner<br \/>\nGold Gr\u00fcn(5): Dominik Amon<br \/>\nGold Rot (6): Christopher Amon<\/h4>\n<p><img loading=\"lazy\" decoding=\"async\" class=\"aligncenter wp-image-4560 size-full\" src=\"http:\/\/www.ffw-weilersbach.de\/wordpress\/wp-content\/uploads\/2016\/11\/leistungspr\u00fcfung-wasser-2016.jpg\" alt=\"leistungspruefung-wasser-2016\" width=\"960\" height=\"540\" srcset=\"https:\/\/ffw-weilersbach.de\/wordpress\/wp-content\/uploads\/2016\/11\/leistungspr\u00fcfung-wasser-2016.jpg 960w, https:\/\/ffw-weilersbach.de\/wordpress\/wp-content\/uploads\/2016\/11\/leistungspr\u00fcfung-wasser-2016-300x169.jpg 300w, https:\/\/ffw-weilersbach.de\/wordpress\/wp-content\/uploads\/2016\/11\/leistungspr\u00fcfung-wasser-2016-768x432.jpg 768w\" sizes=\"auto, (max-width: 960px) 100vw, 960px\" \/><\/p>\n<\/div>\n","protected":false},"excerpt":{"rendered":"<p>&nbsp; Am Samstag, dem 29. Oktober 2016 legten 19 Teilnehmer\/-innen der Freiwilligen Feuerwehr Weilersbach erfolgreich die Leistungspr\u00fcfung \u201eDie Gruppe im L\u00f6scheinsatz\u201c ab. Vor den Augen der Schiedsrichter Kreisbrandinspektor Wolfgang Wunner &hellip; <\/p>\n","protected":false},"author":1,"featured_media":0,"comment_status":"closed","ping_status":"closed","sticky":false,"template":"","format":"standard","meta":{"ngg_post_thumbnail":0,"footnotes":""},"categories":[5],"tags":[],"class_list":["post-4559","post","type-post","status-publish","format-standard","hentry","category-leistungspruefung"],"_links":{"self":[{"href":"https:\/\/ffw-weilersbach.de\/wordpress\/wp-json\/wp\/v2\/posts\/4559","targetHints":{"allow":["GET"]}}],"collection":[{"href":"https:\/\/ffw-weilersbach.de\/wordpress\/wp-json\/wp\/v2\/posts"}],"about":[{"href":"https:\/\/ffw-weilersbach.de\/wordpress\/wp-json\/wp\/v2\/types\/post"}],"author":[{"embeddable":true,"href":"https:\/\/ffw-weilersbach.de\/wordpress\/wp-json\/wp\/v2\/users\/1"}],"replies":[{"embeddable":true,"href":"https:\/\/ffw-weilersbach.de\/wordpress\/wp-json\/wp\/v2\/comments?post=4559"}],"version-history":[{"count":4,"href":"https:\/\/ffw-weilersbach.de\/wordpress\/wp-json\/wp\/v2\/posts\/4559\/revisions"}],"predecessor-version":[{"id":4579,"href":"https:\/\/ffw-weilersbach.de\/wordpress\/wp-json\/wp\/v2\/posts\/4559\/revisions\/4579"}],"wp:attachment":[{"href":"https:\/\/ffw-weilersbach.de\/wordpress\/wp-json\/wp\/v2\/media?parent=4559"}],"wp:term":[{"taxonomy":"category","embeddable":true,"href":"https:\/\/ffw-weilersbach.de\/wordpress\/wp-json\/wp\/v2\/categories?post=4559"},{"taxonomy":"post_tag","embeddable":true,"href":"https:\/\/ffw-weilersbach.de\/wordpress\/wp-json\/wp\/v2\/tags?post=4559"}],"curies":[{"name":"wp","href":"https:\/\/api.w.org\/{rel}","templated":true}]}}