{"id":4360,"date":"2016-06-09T00:07:12","date_gmt":"2016-06-08T22:07:12","guid":{"rendered":"http:\/\/www.ffw-weilersbach.de\/wordpress\/?p=4360"},"modified":"2016-06-09T00:13:18","modified_gmt":"2016-06-08T22:13:18","slug":"vier-quereinsteiger-verstaerken-die-feuerwehr","status":"publish","type":"post","link":"https:\/\/ffw-weilersbach.de\/wordpress\/archive\/4360","title":{"rendered":"Vier &#8222;Quereinsteiger&#8220; verst\u00e4rken die Feuerwehr"},"content":{"rendered":"<p>&nbsp;<\/p>\n<h4>Die Freiwillige Feuerwehr Weilersbach tut etwas. Sie tr\u00e4gt dazu bei, dem demografischen Wandel entgegenzuwirken, der sich auch in den Feuerwehren bemerkbar macht und auf die Brandbek\u00e4mpfung und Hilfeleistungen starke Auswirkungen hat. Sie ist auf der Suche nach tatkr\u00e4ftiger Unterst\u00fctzung ihrer aktiven Mannschaft &#8211; sprich nach &#8222;Quereinsteigern&#8220;.<br \/>\nVor einem guten Jahr hatte die Weilersbacher Wehr daf\u00fcr geworben und hatte Erfolg. Eine Frau und vier M\u00e4nner, alle \u00fcber 30 Jahre, haben sich gemeldet, um aktive Feuerwehrler zu werden. Das waren: Susanne Wendler, Uli Mauser, Bernd Dennerlein, Christian Bierfelder und Daniel Amon. Auf ihr Ehrenamt wurden sie bestens vorbereitet. Die Ausbildung nennt sich modulare Grundausbildung und ist Pflicht f\u00fcr jeden Feuerwehrmann\/-frau. Diese dauerte ein Jahr, fand ausschlie\u00dflich in Weilersbach statt und wurde mit einer theoretischen und praktischen Pr\u00fcfung abgeschlossen. Die Ausbilder waren: Erster Kommandant Michael Henkel, Kreisbrandinspektor Wolfgang Wunner, Zweiter Kommandant Markus Friedel sowie alle Dienstgrade. Abschlie\u00dfend waren sich die &#8222;Quereinsteiger&#8220; einig: Die ehrenamtliche Zeit, die sie f\u00fcr die Feuerwehr aufbringen, empfindet keiner von ihnen als Belastung, sondern als einen Gewinn. Es sei ein gutes Gef\u00fchl, anderen zu helfen. Ihr ehrenamtliches Engagement ist f\u00fcr sie jetzt zur Selbstverst\u00e4ndlichkeit geworden.<br \/>\n&#8222;Wir sind froh \u00fcber jeden, der sich ehrenamtlich f\u00fcr die Feuerwehr einsetzen will&#8220;, sagte Kommandant Henkel dazu und freute sich, dass die &#8222;Neuen&#8220; von der Feuerwehr begeistert sind und bereits eine Ausbildung als Maschinist oder als Atemschutztr\u00e4ger anstreben. &#8222;Aufgrund des Erfolges soll im Sommer die n\u00e4chste Werbe-Aktion gestartet und wieder eine Quereinsteiger-Gruppe gebildet werden&#8220;, so Henkel.<\/h4>\n<p>&nbsp;<\/p>\n<p><img loading=\"lazy\" decoding=\"async\" class=\"aligncenter size-full wp-image-4359\" src=\"http:\/\/www.ffw-weilersbach.de\/wordpress\/wp-content\/uploads\/2016\/06\/2220921_m3t1w454h300q75s1v27627_Weilersbach_Die_neuen_Feuerwe.jpg\" alt=\"2220921_m3t1w454h300q75s1v27627_Weilersbach_Die_neuen_Feuerwe\" width=\"454\" height=\"250\" srcset=\"https:\/\/ffw-weilersbach.de\/wordpress\/wp-content\/uploads\/2016\/06\/2220921_m3t1w454h300q75s1v27627_Weilersbach_Die_neuen_Feuerwe.jpg 454w, https:\/\/ffw-weilersbach.de\/wordpress\/wp-content\/uploads\/2016\/06\/2220921_m3t1w454h300q75s1v27627_Weilersbach_Die_neuen_Feuerwe-300x165.jpg 300w\" sizes=\"auto, (max-width: 454px) 100vw, 454px\" \/><\/p>\n","protected":false},"excerpt":{"rendered":"<p>&nbsp; Die Freiwillige Feuerwehr Weilersbach tut etwas. Sie tr\u00e4gt dazu bei, dem demografischen Wandel entgegenzuwirken, der sich auch in den Feuerwehren bemerkbar macht und auf die Brandbek\u00e4mpfung und Hilfeleistungen starke &hellip; <\/p>\n","protected":false},"author":1,"featured_media":0,"comment_status":"closed","ping_status":"closed","sticky":false,"template":"","format":"standard","meta":{"ngg_post_thumbnail":0,"footnotes":""},"categories":[1,5],"tags":[],"class_list":["post-4360","post","type-post","status-publish","format-standard","hentry","category-allgemein","category-leistungspruefung"],"_links":{"self":[{"href":"https:\/\/ffw-weilersbach.de\/wordpress\/wp-json\/wp\/v2\/posts\/4360","targetHints":{"allow":["GET"]}}],"collection":[{"href":"https:\/\/ffw-weilersbach.de\/wordpress\/wp-json\/wp\/v2\/posts"}],"about":[{"href":"https:\/\/ffw-weilersbach.de\/wordpress\/wp-json\/wp\/v2\/types\/post"}],"author":[{"embeddable":true,"href":"https:\/\/ffw-weilersbach.de\/wordpress\/wp-json\/wp\/v2\/users\/1"}],"replies":[{"embeddable":true,"href":"https:\/\/ffw-weilersbach.de\/wordpress\/wp-json\/wp\/v2\/comments?post=4360"}],"version-history":[{"count":4,"href":"https:\/\/ffw-weilersbach.de\/wordpress\/wp-json\/wp\/v2\/posts\/4360\/revisions"}],"predecessor-version":[{"id":4364,"href":"https:\/\/ffw-weilersbach.de\/wordpress\/wp-json\/wp\/v2\/posts\/4360\/revisions\/4364"}],"wp:attachment":[{"href":"https:\/\/ffw-weilersbach.de\/wordpress\/wp-json\/wp\/v2\/media?parent=4360"}],"wp:term":[{"taxonomy":"category","embeddable":true,"href":"https:\/\/ffw-weilersbach.de\/wordpress\/wp-json\/wp\/v2\/categories?post=4360"},{"taxonomy":"post_tag","embeddable":true,"href":"https:\/\/ffw-weilersbach.de\/wordpress\/wp-json\/wp\/v2\/tags?post=4360"}],"curies":[{"name":"wp","href":"https:\/\/api.w.org\/{rel}","templated":true}]}}