{"id":4313,"date":"2016-04-14T22:59:08","date_gmt":"2016-04-14T20:59:08","guid":{"rendered":"http:\/\/www.ffw-weilersbach.de\/wordpress\/?p=4313"},"modified":"2016-04-24T12:23:19","modified_gmt":"2016-04-24T10:23:19","slug":"uebungstag-am-09-04-2016","status":"publish","type":"post","link":"https:\/\/ffw-weilersbach.de\/wordpress\/archive\/4313","title":{"rendered":"\u00dcbungstag am 09.04.2016"},"content":{"rendered":"<p>&nbsp;<\/p>\n<p>Am 09.04. 2016 fand der 3 . \u00dcbungstag unserer Feuerwehr statt. Mit \u00fcber 20 Teilnhmer war dieser sehr gut besucht.<\/p>\n<p>Die beiden Organisatoren Michael Henkel und Markus Friedel bereiteten verschiedene realit\u00e4tsnahe \u00dcbungen und Szenarien vor und erm\u00f6glichten so allen Teilnehmern an diesem Tag m\u00f6glichst umfangreiche Praxiserfahrungen zu sammeln.<\/p>\n<p>Die Einsatzstichworte lauteten:<\/p>\n<ul>\n<li>Verkehrsunfall mit eingeklemmten Personen<\/li>\n<li><span class=\"text_exposed_show\">Unklare Rauchentwicklung an einer landwirtschaftlichen Halle <\/span><\/li>\n<li><span class=\"text_exposed_show\">Eingeklemmte Person zwischen Holzsto\u00df und Traktor<\/span><\/li>\n<li><span class=\"text_exposed_show\">Verungl\u00fcckter Mountainbiker im Wald <\/span><\/li>\n<li><span class=\"text_exposed_show\">PKW Brand<\/span><span class=\"text_exposed_show\"><br \/>\n<\/span><\/li>\n<\/ul>\n<p><span class=\"text_exposed_show\">Auch wurden die Teilnhmer \u00fcber die neu angeschafften Ger\u00e4te und Ver\u00e4nderungen in den Fahrzeugen unterrichtet, und es fand eine intensive Einweisung in den neu angeschafften Defibrilator statt.<br \/>\n<\/span><\/p>\n<p><span class=\"text_exposed_show\">Ein DANKE geht an die beiden Organisation f\u00fcr die M\u00fche und die Zeit, die sie investierten, um diesen sehr gelungenen Tag zu gestalten. <\/span><\/p>\n<p><span class=\"text_exposed_show\">Besonderer Dank auch an Thomas Glas, dem Kommandanten der Pretzfelder Feuerwehr, der die Schulung mit dem Defibrilator geleitet hat.<br \/>\n<\/span><\/p>\nngg_shortcode_0_placeholder\n","protected":false},"excerpt":{"rendered":"<p>&nbsp; Am 09.04. 2016 fand der 3 . \u00dcbungstag unserer Feuerwehr statt. Mit \u00fcber 20 Teilnhmer war dieser sehr gut besucht. Die beiden Organisatoren Michael Henkel und Markus Friedel bereiteten &hellip; <\/p>\n","protected":false},"author":1,"featured_media":0,"comment_status":"closed","ping_status":"closed","sticky":false,"template":"","format":"standard","meta":{"ngg_post_thumbnail":0,"footnotes":""},"categories":[3],"tags":[],"class_list":["post-4313","post","type-post","status-publish","format-standard","hentry","category-uebung"],"_links":{"self":[{"href":"https:\/\/ffw-weilersbach.de\/wordpress\/wp-json\/wp\/v2\/posts\/4313","targetHints":{"allow":["GET"]}}],"collection":[{"href":"https:\/\/ffw-weilersbach.de\/wordpress\/wp-json\/wp\/v2\/posts"}],"about":[{"href":"https:\/\/ffw-weilersbach.de\/wordpress\/wp-json\/wp\/v2\/types\/post"}],"author":[{"embeddable":true,"href":"https:\/\/ffw-weilersbach.de\/wordpress\/wp-json\/wp\/v2\/users\/1"}],"replies":[{"embeddable":true,"href":"https:\/\/ffw-weilersbach.de\/wordpress\/wp-json\/wp\/v2\/comments?post=4313"}],"version-history":[{"count":6,"href":"https:\/\/ffw-weilersbach.de\/wordpress\/wp-json\/wp\/v2\/posts\/4313\/revisions"}],"predecessor-version":[{"id":4322,"href":"https:\/\/ffw-weilersbach.de\/wordpress\/wp-json\/wp\/v2\/posts\/4313\/revisions\/4322"}],"wp:attachment":[{"href":"https:\/\/ffw-weilersbach.de\/wordpress\/wp-json\/wp\/v2\/media?parent=4313"}],"wp:term":[{"taxonomy":"category","embeddable":true,"href":"https:\/\/ffw-weilersbach.de\/wordpress\/wp-json\/wp\/v2\/categories?post=4313"},{"taxonomy":"post_tag","embeddable":true,"href":"https:\/\/ffw-weilersbach.de\/wordpress\/wp-json\/wp\/v2\/tags?post=4313"}],"curies":[{"name":"wp","href":"https:\/\/api.w.org\/{rel}","templated":true}]}}