{"id":4134,"date":"2015-11-10T23:31:27","date_gmt":"2015-11-10T22:31:27","guid":{"rendered":"http:\/\/www.ffw-weilersbach.de\/wordpress\/?p=4134"},"modified":"2019-02-02T14:17:54","modified_gmt":"2019-02-02T13:17:54","slug":"brand-in-der-ehemalligen-metzgerei-staehr-einsatzuebung","status":"publish","type":"post","link":"https:\/\/ffw-weilersbach.de\/wordpress\/archive\/4134","title":{"rendered":"Brand in der ehemalligen Metzgerei St\u00e4hr (\u00dcbung)"},"content":{"rendered":"<h4>&nbsp;<\/h4>\n<h5>Am Dienstag den 04.11. 2015 alarmierte die Integrierte Leitstelle Bamberg&nbsp; gegen 18.35 Uhr die Feuerwehren Weilersbach, Kirchehrenbach, Reifenberg, Rettern und Ebermannstadt mit dieser Meldung: Wohnhausbrand in die Weisenbacherstra\u00dfe in Weilersbach. Es werden mehrere Personen vermisst.<\/h5>\n<h5>Rauch quoll aus allen L\u00f6chern und Ritzen des \u00dcbungsobjektes,&nbsp;der leer stehenden Metzgerei St\u00e4hr, als kurz nach 18:30 Uhr die ersten Einsatzkr\u00e4fte der Feuerwehr Weilersbach die Einsatzstelle erreichten. Sofort machte sich Einsatzleiter Markus Friedel auf den Weg, die Lage zu erkunden und die ersten Entscheidungen zu treffen. Vom Balkon zur Stra\u00dfe hin waren Hilferufe zu h\u00f6ren. W\u00e4hrend bereits ein Trupp unter schweren Atemschutz im Geb\u00e4ude die Vermisstensuche aufgenommen hatte, nahm die Feuerwehr Kirchehrenbach eine Steckleiter zur Personenrettung \u00fcber den Balkon vor. Die Drehleiter der Feuerwehr Ebermannstadt unterst\u00fctzte die Einsatzkr\u00e4fte hierbei. Weitere Atemschutztrupps wurden in das Geb\u00e4ude geschickt, um die verletzten Personen schnellstm\u00f6glich aufzufinden und zu retten. Im weiteren Einsatzverlauf wurde noch die Feuerwehr Bammersdorf nachalarmiert, um den hohen Bedarf an schweren Atemschutz bewerkstelligen zu k\u00f6nnen. Die Feuerwehren aus Reifenberg und Rettern k\u00fcmmerten sich um die Wasserversorgung und \u00fcbernahmen die Brandbek\u00e4mpfung von au\u00dfen.<\/h5>\n<h5>Ebenfalls vor Ort waren neben den Weilersbacher Kommandanten und Kreisbrandinspektor Wolfgang Wunner auch die Kreisbrandmeister Michael W\u00f6lker und Marco Brendel sowie Kreisbrandrat Oliver Flake. Michael Henkel, stellvertretender Kommandant und Mitorganisator zeigte sich am Ende der \u00dcbung zufrieden mit der Leistung aller Beteiligten.<\/h5>\n<h5>Ein herzliches Dankesch\u00f6n geht an die freiwilligen &#8222;Verletzten&#8220;, die sich dazu bereit erkl\u00e4rt hatten, sich aus dem Brandobjekt retten zu lassen. Helfer des BRK Forchheim hatten diese zuvor mit Kunstblut geschminkt, um die Verletzungen m\u00f6glichst real aussehen zu lassen.<\/h5>\n<h5>&nbsp;<\/h5>\n<h5>ngg_shortcode_0_placeholder<\/h5>\n<h5>&nbsp;<\/h5>\n<h5>Die Feuerwehr Weilersbach und die Organisatoren der Einsatz\u00fcbung bedanken sich bei allen Feuerwehren f\u00fcr die Teilnahme an der Einsatz\u00fcbung sowie bei Florian Burkhardt f\u00fcr gro\u00dfe Teile&nbsp; des Berichts und f\u00fcr die&nbsp; Bilder von der Einsatz\u00fcbung.<\/h5>\n<p>&nbsp;<\/p>\n","protected":false},"excerpt":{"rendered":"<p>&nbsp; Am Dienstag den 04.11. 2015 alarmierte die Integrierte Leitstelle Bamberg&nbsp; gegen 18.35 Uhr die Feuerwehren Weilersbach, Kirchehrenbach, Reifenberg, Rettern und Ebermannstadt mit dieser Meldung: Wohnhausbrand in die Weisenbacherstra\u00dfe in &hellip; <\/p>\n","protected":false},"author":1,"featured_media":0,"comment_status":"closed","ping_status":"closed","sticky":false,"template":"","format":"standard","meta":{"ngg_post_thumbnail":0,"footnotes":""},"categories":[2,3],"tags":[],"class_list":["post-4134","post","type-post","status-publish","format-standard","hentry","category-einsatz","category-uebung"],"_links":{"self":[{"href":"https:\/\/ffw-weilersbach.de\/wordpress\/wp-json\/wp\/v2\/posts\/4134","targetHints":{"allow":["GET"]}}],"collection":[{"href":"https:\/\/ffw-weilersbach.de\/wordpress\/wp-json\/wp\/v2\/posts"}],"about":[{"href":"https:\/\/ffw-weilersbach.de\/wordpress\/wp-json\/wp\/v2\/types\/post"}],"author":[{"embeddable":true,"href":"https:\/\/ffw-weilersbach.de\/wordpress\/wp-json\/wp\/v2\/users\/1"}],"replies":[{"embeddable":true,"href":"https:\/\/ffw-weilersbach.de\/wordpress\/wp-json\/wp\/v2\/comments?post=4134"}],"version-history":[{"count":13,"href":"https:\/\/ffw-weilersbach.de\/wordpress\/wp-json\/wp\/v2\/posts\/4134\/revisions"}],"predecessor-version":[{"id":6062,"href":"https:\/\/ffw-weilersbach.de\/wordpress\/wp-json\/wp\/v2\/posts\/4134\/revisions\/6062"}],"wp:attachment":[{"href":"https:\/\/ffw-weilersbach.de\/wordpress\/wp-json\/wp\/v2\/media?parent=4134"}],"wp:term":[{"taxonomy":"category","embeddable":true,"href":"https:\/\/ffw-weilersbach.de\/wordpress\/wp-json\/wp\/v2\/categories?post=4134"},{"taxonomy":"post_tag","embeddable":true,"href":"https:\/\/ffw-weilersbach.de\/wordpress\/wp-json\/wp\/v2\/tags?post=4134"}],"curies":[{"name":"wp","href":"https:\/\/api.w.org\/{rel}","templated":true}]}}