{"id":4060,"date":"2015-10-01T23:09:42","date_gmt":"2015-10-01T21:09:42","guid":{"rendered":"http:\/\/www.ffw-weilersbach.de\/wordpress\/?p=4060"},"modified":"2015-10-11T21:44:20","modified_gmt":"2015-10-11T19:44:20","slug":"einkaufen-fuer-die-feuerwehr","status":"publish","type":"post","link":"https:\/\/ffw-weilersbach.de\/wordpress\/archive\/4060","title":{"rendered":"Einkaufen f\u00fcr die Feuerwehr"},"content":{"rendered":"<h4><\/h4>\n<h4>Die Freiwillige Feuerwehr Weilersbach bedankt sich bei allen Unterst\u00fctzern, Eink\u00e4ufern im dm-Markt in Forchheim\u00a0am 29.09.2015 und nat\u00fcrlich auch beim Personal des dm Marktes f\u00fcr die gro\u00dfartige Resonanz auf unsere Aktion Einkaufen f\u00fcr die Feuerwehr.<\/h4>\n<p>&nbsp;<\/p>\n<div><a href=\"http:\/\/www.ffw-weilersbach.de\/wordpress\/wp-content\/uploads\/2015\/10\/dm1.jpg\"><img loading=\"lazy\" decoding=\"async\" class=\"aligncenter wp-image-4061 size-large\" src=\"http:\/\/www.ffw-weilersbach.de\/wordpress\/wp-content\/uploads\/2015\/10\/dm1-683x1024.jpg\" alt=\"dm1\" width=\"600\" height=\"900\" srcset=\"https:\/\/ffw-weilersbach.de\/wordpress\/wp-content\/uploads\/2015\/10\/dm1-683x1024.jpg 683w, https:\/\/ffw-weilersbach.de\/wordpress\/wp-content\/uploads\/2015\/10\/dm1-200x300.jpg 200w, https:\/\/ffw-weilersbach.de\/wordpress\/wp-content\/uploads\/2015\/10\/dm1.jpg 864w\" sizes=\"auto, (max-width: 600px) 100vw, 600px\" \/><\/a><\/div>\n<div><\/div>\n<h4>Das Ergebnis der Aktion Einkaufen f\u00fcr die Feuerwehr Weilersbach ist die Spende der Drogerie-Kette \u00a0 <strong>dm\u00a0von <u><strong>3500.- EURO<\/strong><\/u> an die Feuerwehr Weilersbach! <a href=\"http:\/\/www.ffw-weilersbach.de\/wordpress\/wp-content\/uploads\/2015\/09\/dm-logo.jpg\"><img loading=\"lazy\" decoding=\"async\" class=\"aligncenter size-thumbnail wp-image-4053\" src=\"http:\/\/www.ffw-weilersbach.de\/wordpress\/wp-content\/uploads\/2015\/09\/dm-logo-150x150.jpg\" alt=\"dm-logo\" width=\"150\" height=\"150\" srcset=\"https:\/\/ffw-weilersbach.de\/wordpress\/wp-content\/uploads\/2015\/09\/dm-logo-150x150.jpg 150w, https:\/\/ffw-weilersbach.de\/wordpress\/wp-content\/uploads\/2015\/09\/dm-logo-200x200.jpg 200w\" sizes=\"auto, (max-width: 150px) 100vw, 150px\" \/><\/a><\/strong><\/h4>\n<h2><em><strong>\u00a0Die Feuerwehr wird damit Defibrillator beschaffen.<\/strong><\/em><\/h2>\n<div>\n<p>&nbsp;<\/p>\n<\/div>\n","protected":false},"excerpt":{"rendered":"<p>Die Freiwillige Feuerwehr Weilersbach bedankt sich bei allen Unterst\u00fctzern, Eink\u00e4ufern im dm-Markt in Forchheim\u00a0am 29.09.2015 und nat\u00fcrlich auch beim Personal des dm Marktes f\u00fcr die gro\u00dfartige Resonanz auf unsere Aktion &hellip; <\/p>\n","protected":false},"author":1,"featured_media":0,"comment_status":"closed","ping_status":"closed","sticky":false,"template":"","format":"standard","meta":{"ngg_post_thumbnail":0,"footnotes":""},"categories":[1,10],"tags":[],"class_list":["post-4060","post","type-post","status-publish","format-standard","hentry","category-allgemein","category-verein"],"_links":{"self":[{"href":"https:\/\/ffw-weilersbach.de\/wordpress\/wp-json\/wp\/v2\/posts\/4060","targetHints":{"allow":["GET"]}}],"collection":[{"href":"https:\/\/ffw-weilersbach.de\/wordpress\/wp-json\/wp\/v2\/posts"}],"about":[{"href":"https:\/\/ffw-weilersbach.de\/wordpress\/wp-json\/wp\/v2\/types\/post"}],"author":[{"embeddable":true,"href":"https:\/\/ffw-weilersbach.de\/wordpress\/wp-json\/wp\/v2\/users\/1"}],"replies":[{"embeddable":true,"href":"https:\/\/ffw-weilersbach.de\/wordpress\/wp-json\/wp\/v2\/comments?post=4060"}],"version-history":[{"count":9,"href":"https:\/\/ffw-weilersbach.de\/wordpress\/wp-json\/wp\/v2\/posts\/4060\/revisions"}],"predecessor-version":[{"id":4087,"href":"https:\/\/ffw-weilersbach.de\/wordpress\/wp-json\/wp\/v2\/posts\/4060\/revisions\/4087"}],"wp:attachment":[{"href":"https:\/\/ffw-weilersbach.de\/wordpress\/wp-json\/wp\/v2\/media?parent=4060"}],"wp:term":[{"taxonomy":"category","embeddable":true,"href":"https:\/\/ffw-weilersbach.de\/wordpress\/wp-json\/wp\/v2\/categories?post=4060"},{"taxonomy":"post_tag","embeddable":true,"href":"https:\/\/ffw-weilersbach.de\/wordpress\/wp-json\/wp\/v2\/tags?post=4060"}],"curies":[{"name":"wp","href":"https:\/\/api.w.org\/{rel}","templated":true}]}}