{"id":3901,"date":"2015-08-03T00:15:53","date_gmt":"2015-08-02T22:15:53","guid":{"rendered":"http:\/\/www.ffw-weilersbach.de\/wordpress\/?p=3901"},"modified":"2015-08-03T00:16:32","modified_gmt":"2015-08-02T22:16:32","slug":"wespennester-beseitigen-durch-die-feuerwehr","status":"publish","type":"post","link":"https:\/\/ffw-weilersbach.de\/wordpress\/archive\/3901","title":{"rendered":"Wespennester beseitigen durch die Feuerwehr"},"content":{"rendered":"<h4>In letzter Zeit h\u00e4ufen sich die Anfragen zur Beseitigung von Wespennestern durch die Feuerwehr.<\/h4>\n<h4>Wir m\u00fcssen darauf hinweisen, dass die Feuerwehr nur bei Gefahr in Verzug t\u00e4tig werden darf. Ansonsten gibt es Firmen, die auf die Beseitigung von Wespennestern spezialisiert sind.<\/h4>\n<h4>Sollte eine berechtigte Anfrage zur Beseitigung vorliegen, wenden Sie sich bitte an den 1. Kommandanten Wolfgang Wunner. (Sollte dieser nicht zu erreichen sein, dann an den 2. Kommandanten Michael Henkel)<\/h4>\n<h4>Wenn es zur Beseitigung eines Wespennestes durch die Feuerwehr kommt, muss dieser Einsatz bei der integrierten Leitstelle Bamberg angemeldet werden und wird dann auch kostenpflichtig.<\/h4>\n<h4><\/h4>\n<h4><\/h4>\n<h4><\/h4>\n","protected":false},"excerpt":{"rendered":"<p>In letzter Zeit h\u00e4ufen sich die Anfragen zur Beseitigung von Wespennestern durch die Feuerwehr. Wir m\u00fcssen darauf hinweisen, dass die Feuerwehr nur bei Gefahr in Verzug t\u00e4tig werden darf. Ansonsten &hellip; <\/p>\n","protected":false},"author":1,"featured_media":0,"comment_status":"closed","ping_status":"closed","sticky":false,"template":"","format":"standard","meta":{"ngg_post_thumbnail":0,"footnotes":""},"categories":[1,2],"tags":[],"class_list":["post-3901","post","type-post","status-publish","format-standard","hentry","category-allgemein","category-einsatz"],"_links":{"self":[{"href":"https:\/\/ffw-weilersbach.de\/wordpress\/wp-json\/wp\/v2\/posts\/3901","targetHints":{"allow":["GET"]}}],"collection":[{"href":"https:\/\/ffw-weilersbach.de\/wordpress\/wp-json\/wp\/v2\/posts"}],"about":[{"href":"https:\/\/ffw-weilersbach.de\/wordpress\/wp-json\/wp\/v2\/types\/post"}],"author":[{"embeddable":true,"href":"https:\/\/ffw-weilersbach.de\/wordpress\/wp-json\/wp\/v2\/users\/1"}],"replies":[{"embeddable":true,"href":"https:\/\/ffw-weilersbach.de\/wordpress\/wp-json\/wp\/v2\/comments?post=3901"}],"version-history":[{"count":5,"href":"https:\/\/ffw-weilersbach.de\/wordpress\/wp-json\/wp\/v2\/posts\/3901\/revisions"}],"predecessor-version":[{"id":3906,"href":"https:\/\/ffw-weilersbach.de\/wordpress\/wp-json\/wp\/v2\/posts\/3901\/revisions\/3906"}],"wp:attachment":[{"href":"https:\/\/ffw-weilersbach.de\/wordpress\/wp-json\/wp\/v2\/media?parent=3901"}],"wp:term":[{"taxonomy":"category","embeddable":true,"href":"https:\/\/ffw-weilersbach.de\/wordpress\/wp-json\/wp\/v2\/categories?post=3901"},{"taxonomy":"post_tag","embeddable":true,"href":"https:\/\/ffw-weilersbach.de\/wordpress\/wp-json\/wp\/v2\/tags?post=3901"}],"curies":[{"name":"wp","href":"https:\/\/api.w.org\/{rel}","templated":true}]}}