{"id":3724,"date":"2015-04-26T22:21:23","date_gmt":"2015-04-26T20:21:23","guid":{"rendered":"http:\/\/www.ffw-weilersbach.de\/wordpress\/?p=3724"},"modified":"2015-04-27T22:36:32","modified_gmt":"2015-04-27T20:36:32","slug":"ergebnisse-des-1-weilersbacher-fruehlingslauf","status":"publish","type":"post","link":"https:\/\/ffw-weilersbach.de\/wordpress\/archive\/3724","title":{"rendered":"Ergebnisse des 1. Weilersbacher Fr\u00fchlingslauf"},"content":{"rendered":"<p>&nbsp;<\/p>\n<p>ES IST GELAUFEN &#8230;<\/p>\n<p>Der 1. Weilersbacher Fr\u00fchjahrslauf ist gelaufen!! Und eines darf schon jetzt gesagt werden. Es war ein voller Erfolg, nicht nur f\u00fcr uns vom ORGANISATIONS-TEAM sondern von allen Beteiligten.<\/p>\n<p>Ein Herzlichen Dank an allen Beteiligten Helfern beim Planen, den Vorbereitungen, beim Auf- und Abbau, unseren Kameraden von den Feuerwehr f\u00fcr die Verkehrslenkung w\u00e4hrend der Veranstaltung, vor allem aus Reifenberg und Rettern, bei unseren Sponsoren und bei allen B\u00fcrg<span class=\"text_exposed_show\">ern im Dorf die uns in irgendeiner Weise unterst\u00fctzt haben. <\/span><\/p>\n<div class=\"text_exposed_show\">\n<p>Wir hoffen, dass wir allen L\u00e4ufern einen angenehmen Lauf organisieren konnten und sich Alle bei uns Wohlgef\u00fchlt haben.<\/p>\n<p>Die ersten Bilder sind bereits auf unserer <span style=\"text-decoration: underline;\"><strong><a href=\"https:\/\/www.facebook.com\/pages\/Weilersbacher-Fr%C3%BChjahrslauf\/737708092987131?sk=timeline&amp;ref=page_internal\">Facebookseite<\/a><\/strong><\/span> Online. In den n\u00e4chsten Tagen werden noch weiter folgen.<\/p>\n<p><em>Laufteam Freiwillige Feuerwehr Weilersbach<\/em><\/p>\n<p>&nbsp;<\/p>\n<\/div>\n<p style=\"text-align: center;\">Die Ergebnisse und Platzierungen des 1. Weilersbacher Fr\u00fchlingslauf finden Sie hier:<\/p>\n<p style=\"text-align: center;\">\u00a0\u00a0\u00a0\u00a0\u00a0\u00a0\u00a0\u00a0\u00a0\u00a0\u00a0\u00a0\u00a0\u00a0\u00a0\u00a0\u00a0 <strong><a href=\"http:\/\/www.ffw-weilersbach.de\/wordpress\/?page_id=3217\" target=\"_blank\"><span style=\"text-decoration: underline;\">Ergebnisse Fr\u00fchlingslauf<\/span> <\/a><\/strong><\/p>\n<p style=\"text-align: center;\">\n","protected":false},"excerpt":{"rendered":"<p>&nbsp; ES IST GELAUFEN &#8230; Der 1. Weilersbacher Fr\u00fchjahrslauf ist gelaufen!! Und eines darf schon jetzt gesagt werden. Es war ein voller Erfolg, nicht nur f\u00fcr uns vom ORGANISATIONS-TEAM sondern &hellip; <\/p>\n","protected":false},"author":1,"featured_media":0,"comment_status":"closed","ping_status":"closed","sticky":false,"template":"","format":"standard","meta":{"ngg_post_thumbnail":0,"footnotes":""},"categories":[16],"tags":[],"class_list":["post-3724","post","type-post","status-publish","format-standard","hentry","category-laufteam-ffw"],"_links":{"self":[{"href":"https:\/\/ffw-weilersbach.de\/wordpress\/wp-json\/wp\/v2\/posts\/3724","targetHints":{"allow":["GET"]}}],"collection":[{"href":"https:\/\/ffw-weilersbach.de\/wordpress\/wp-json\/wp\/v2\/posts"}],"about":[{"href":"https:\/\/ffw-weilersbach.de\/wordpress\/wp-json\/wp\/v2\/types\/post"}],"author":[{"embeddable":true,"href":"https:\/\/ffw-weilersbach.de\/wordpress\/wp-json\/wp\/v2\/users\/1"}],"replies":[{"embeddable":true,"href":"https:\/\/ffw-weilersbach.de\/wordpress\/wp-json\/wp\/v2\/comments?post=3724"}],"version-history":[{"count":7,"href":"https:\/\/ffw-weilersbach.de\/wordpress\/wp-json\/wp\/v2\/posts\/3724\/revisions"}],"predecessor-version":[{"id":3735,"href":"https:\/\/ffw-weilersbach.de\/wordpress\/wp-json\/wp\/v2\/posts\/3724\/revisions\/3735"}],"wp:attachment":[{"href":"https:\/\/ffw-weilersbach.de\/wordpress\/wp-json\/wp\/v2\/media?parent=3724"}],"wp:term":[{"taxonomy":"category","embeddable":true,"href":"https:\/\/ffw-weilersbach.de\/wordpress\/wp-json\/wp\/v2\/categories?post=3724"},{"taxonomy":"post_tag","embeddable":true,"href":"https:\/\/ffw-weilersbach.de\/wordpress\/wp-json\/wp\/v2\/tags?post=3724"}],"curies":[{"name":"wp","href":"https:\/\/api.w.org\/{rel}","templated":true}]}}