{"id":3713,"date":"2015-04-20T12:35:56","date_gmt":"2015-04-20T10:35:56","guid":{"rendered":"http:\/\/www.ffw-weilersbach.de\/wordpress\/?p=3713"},"modified":"2015-04-24T21:46:42","modified_gmt":"2015-04-24T19:46:42","slug":"radiobeitrag-weilersbacher-fruehjahrslauf","status":"publish","type":"post","link":"https:\/\/ffw-weilersbach.de\/wordpress\/archive\/3713","title":{"rendered":"Radiobeitrag Weilersbacher Fr\u00fchjahrslauf"},"content":{"rendered":"<p>Am Donnerstag, den 23. April, wird gegen Mittag ein Bericht des Fr\u00fchjahrslaufs auf Bayern 1 zu h\u00f6ren sein.<br \/>\nIn der Sendung zwischen 12 und 13 Uhr wird \u00fcber den 1. Weilersbacher Fr\u00fchjahrslauf berichtet.<\/p>\n","protected":false},"excerpt":{"rendered":"<p>Am Donnerstag, den 23. April, wird gegen Mittag ein Bericht des Fr\u00fchjahrslaufs auf Bayern 1 zu h\u00f6ren sein. In der Sendung zwischen 12 und 13 Uhr wird \u00fcber den 1. &hellip; <\/p>\n","protected":false},"author":9,"featured_media":0,"comment_status":"closed","ping_status":"closed","sticky":false,"template":"","format":"standard","meta":{"ngg_post_thumbnail":0,"footnotes":""},"categories":[16],"tags":[],"class_list":["post-3713","post","type-post","status-publish","format-standard","hentry","category-laufteam-ffw"],"_links":{"self":[{"href":"https:\/\/ffw-weilersbach.de\/wordpress\/wp-json\/wp\/v2\/posts\/3713","targetHints":{"allow":["GET"]}}],"collection":[{"href":"https:\/\/ffw-weilersbach.de\/wordpress\/wp-json\/wp\/v2\/posts"}],"about":[{"href":"https:\/\/ffw-weilersbach.de\/wordpress\/wp-json\/wp\/v2\/types\/post"}],"author":[{"embeddable":true,"href":"https:\/\/ffw-weilersbach.de\/wordpress\/wp-json\/wp\/v2\/users\/9"}],"replies":[{"embeddable":true,"href":"https:\/\/ffw-weilersbach.de\/wordpress\/wp-json\/wp\/v2\/comments?post=3713"}],"version-history":[{"count":2,"href":"https:\/\/ffw-weilersbach.de\/wordpress\/wp-json\/wp\/v2\/posts\/3713\/revisions"}],"predecessor-version":[{"id":3717,"href":"https:\/\/ffw-weilersbach.de\/wordpress\/wp-json\/wp\/v2\/posts\/3713\/revisions\/3717"}],"wp:attachment":[{"href":"https:\/\/ffw-weilersbach.de\/wordpress\/wp-json\/wp\/v2\/media?parent=3713"}],"wp:term":[{"taxonomy":"category","embeddable":true,"href":"https:\/\/ffw-weilersbach.de\/wordpress\/wp-json\/wp\/v2\/categories?post=3713"},{"taxonomy":"post_tag","embeddable":true,"href":"https:\/\/ffw-weilersbach.de\/wordpress\/wp-json\/wp\/v2\/tags?post=3713"}],"curies":[{"name":"wp","href":"https:\/\/api.w.org\/{rel}","templated":true}]}}