{"id":3669,"date":"2015-04-07T00:39:51","date_gmt":"2015-04-06T22:39:51","guid":{"rendered":"http:\/\/www.ffw-weilersbach.de\/wordpress\/?p=3669"},"modified":"2015-04-17T22:49:38","modified_gmt":"2015-04-17T20:49:38","slug":"modulare-truppausbildung-in-weilersbach","status":"publish","type":"post","link":"https:\/\/ffw-weilersbach.de\/wordpress\/archive\/3669","title":{"rendered":"modulare Truppausbildung in Weilersbach"},"content":{"rendered":"<p>Bericht aus dem Fr\u00e4nkischen Tag vom 07.04. 2015<\/p>\n<blockquote>\n<h1>Erste modulare Truppausbildung im Kreis Forchheim<\/h1>\n<\/blockquote>\n<p><strong>Erstmal wurde im Landkreis Forchheim die neue Ausbildungsform in den bayerischen Feuerwehren, die so genannte modulare Truppausbildung durchgef\u00fchrt. 23 Feuerwehrleute nahmen an dem Pilotprojekt teil.<\/strong><\/p>\n<div class=\"author\">von <a href=\"http:\/\/www.infranken.de\/autor.=dia\/\" rel=\"author\">HEIDI AMON<\/a><\/div>\n<div class=\"article p\">23 meist jugendliche Feuerwehrleute aus Hagenbach, L\u00fctzelsdorf, Pretzfeld, Ebermannstadt und Weilersbach stellten sich nach einer neunmonatigen Ausbildung der theoretischen und praktischen Pr\u00fcfung in Weilersbach. Der Pilotlehrgang im Landkreis wurde von Kreisbrandmeister Wolfgang Wunner organisiert und es waren diverse Ausbilder aus den beteiligten Feuerwehren eingebunden.Bereits seit 2012 arbeitet das Innenministerium daran, die Grundausbildung an die neuen und aktuellen Themen anzupassen wie alternative Energien, Fahrzeugantriebe, Umgang mit den Medien wie Facebook oder Twitter, Hygiene im Einsatz oder physische und psychische Belastungen im Einsatz. Hierbei kam erstmals das neu geschaffene PSNV(psychosoziale Notfallversorgung)-Team des Kreisfeuerverbandes bei der Ausbildung zum Einsatz. Dieses Team kann bei schwierigen Eins\u00e4tzen f\u00fcr die psychische Betreuung von Feuerwehraktiven angefordert werden.<\/p>\n<p>Daneben wurde die Feuerwehrtechnik behandelt, wie Fahrzeugkunde, L\u00f6schger\u00e4te, Rettungsger\u00e4te, Leitern, Beleuchtungs- und Warnger\u00e4te sowie die Handhabung von Strahlrohren. Alle Teilnehmer absolvierten zus\u00e4tzlich einen 16-st\u00fcndigen Erste-Hilfe-Kurs. Diese neue Ausbildungsordnung beinhaltet auch eine Sprechfunkerausbildung in der neuen digitalen Form, die in K\u00fcrze auch im Landkreis Forchheim eingesetzt wird.<\/p>\n<\/div>\n<div class=\"article p\">\n<div class=\"content\">\n<div class=\"article p\">\n<p class=\"artikel\">Neben der inhaltlichen Modernisierung der Feuerwehrgrundausbildung ist auch ein Umdenken in der Didaktik erfolgt. Vorher wurden die Feuerwehranw\u00e4rter mit viel theoretischem Wissen gef\u00fcttert. Dies hat sich nun ge\u00e4ndert. Die Inhalte des Lehrganges wurden vermehrt in praktischen Ausbildungseinheiten vermittelt.<\/p>\n<p>Alle 23 Teilnehmer mussten sich einer theoretischen Pr\u00fcfung mit 50 Fragen sowie drei technischen Einzelpr\u00fcfungen, einer Erste-Hilfe-Aufgabe und einer Gruppenpr\u00fcfung unterziehen. Wolfgang Wunner betonte, die Premiere sei sehr gut verlaufen. Mit Bestehen dieser Pr\u00fcfung erlangten alle Anw\u00e4rter die Berechtigung zur Teilnahme bei Eins\u00e4tzen.<\/p>\n<p class=\"artikel\"><a href=\"http:\/\/www.ffw-weilersbach.de\/wordpress\/wp-content\/uploads\/2015\/04\/1720721_m1w900v39009_Weilersbach__Die_Teilnehmer_m.jpg\"><img loading=\"lazy\" decoding=\"async\" class=\"aligncenter wp-image-3670\" src=\"http:\/\/www.ffw-weilersbach.de\/wordpress\/wp-content\/uploads\/2015\/04\/1720721_m1w900v39009_Weilersbach__Die_Teilnehmer_m-300x198.jpg\" alt=\"1720721_m1w900v39009_Weilersbach__Die_Teilnehmer_m\" width=\"459\" height=\"303\" srcset=\"https:\/\/ffw-weilersbach.de\/wordpress\/wp-content\/uploads\/2015\/04\/1720721_m1w900v39009_Weilersbach__Die_Teilnehmer_m-300x198.jpg 300w, https:\/\/ffw-weilersbach.de\/wordpress\/wp-content\/uploads\/2015\/04\/1720721_m1w900v39009_Weilersbach__Die_Teilnehmer_m.jpg 900w\" sizes=\"auto, (max-width: 459px) 100vw, 459px\" \/><\/a><\/p>\n<\/div>\n<\/div>\n<div class=\"clearer trenner\"><\/div>\n<\/div>\n","protected":false},"excerpt":{"rendered":"<p>Bericht aus dem Fr\u00e4nkischen Tag vom 07.04. 2015 Erste modulare Truppausbildung im Kreis Forchheim Erstmal wurde im Landkreis Forchheim die neue Ausbildungsform in den bayerischen Feuerwehren, die so genannte modulare &hellip; <\/p>\n","protected":false},"author":1,"featured_media":0,"comment_status":"closed","ping_status":"closed","sticky":false,"template":"","format":"standard","meta":{"ngg_post_thumbnail":0,"footnotes":""},"categories":[2,3],"tags":[],"class_list":["post-3669","post","type-post","status-publish","format-standard","hentry","category-einsatz","category-uebung"],"_links":{"self":[{"href":"https:\/\/ffw-weilersbach.de\/wordpress\/wp-json\/wp\/v2\/posts\/3669","targetHints":{"allow":["GET"]}}],"collection":[{"href":"https:\/\/ffw-weilersbach.de\/wordpress\/wp-json\/wp\/v2\/posts"}],"about":[{"href":"https:\/\/ffw-weilersbach.de\/wordpress\/wp-json\/wp\/v2\/types\/post"}],"author":[{"embeddable":true,"href":"https:\/\/ffw-weilersbach.de\/wordpress\/wp-json\/wp\/v2\/users\/1"}],"replies":[{"embeddable":true,"href":"https:\/\/ffw-weilersbach.de\/wordpress\/wp-json\/wp\/v2\/comments?post=3669"}],"version-history":[{"count":3,"href":"https:\/\/ffw-weilersbach.de\/wordpress\/wp-json\/wp\/v2\/posts\/3669\/revisions"}],"predecessor-version":[{"id":3685,"href":"https:\/\/ffw-weilersbach.de\/wordpress\/wp-json\/wp\/v2\/posts\/3669\/revisions\/3685"}],"wp:attachment":[{"href":"https:\/\/ffw-weilersbach.de\/wordpress\/wp-json\/wp\/v2\/media?parent=3669"}],"wp:term":[{"taxonomy":"category","embeddable":true,"href":"https:\/\/ffw-weilersbach.de\/wordpress\/wp-json\/wp\/v2\/categories?post=3669"},{"taxonomy":"post_tag","embeddable":true,"href":"https:\/\/ffw-weilersbach.de\/wordpress\/wp-json\/wp\/v2\/tags?post=3669"}],"curies":[{"name":"wp","href":"https:\/\/api.w.org\/{rel}","templated":true}]}}