{"id":3639,"date":"2015-03-25T07:36:56","date_gmt":"2015-03-25T06:36:56","guid":{"rendered":"http:\/\/www.ffw-weilersbach.de\/wordpress\/?p=3639"},"modified":"2015-03-31T21:58:37","modified_gmt":"2015-03-31T19:58:37","slug":"uebung-12-stunden-lang","status":"publish","type":"post","link":"https:\/\/ffw-weilersbach.de\/wordpress\/archive\/3639","title":{"rendered":"Tages\u00fcbung 2015"},"content":{"rendered":"<h2><\/h2>\n<h1><strong>\u00dcBUNG &#8211; 12 Stunden lang!<\/strong><\/h1>\n<p>Am 14. M\u00e4rz 2015 stand eine Tages\u00fcbung auf unseren Ausbildungskalender. Was dahinter steckt? Ziel war es \u00fcber den Tag verteilt verschiedene realit\u00e4tsnahe \u00dcbungen zu absolvieren und m\u00f6glichst viel Praxiserfahrung zu sammeln.<br \/>\nDas Einsatzstichwort der 1. \u00dcbung war &#8222;unklare Rauchentwicklung im Geb\u00e4ude der Lebenshilfe in Weilersbach&#8220;. An der Einsatzstelle wurde durch die Erkundung des Einsatzleiters schnell klar dass sich noch 2 Personen im Geb\u00e4ude befinden. Die Atemschutztrupps konnten die Personen mit der W\u00e4rmebildkamera schnell finden und ins Freie bringen. Nach kurzer \u00dcbungsdurchsprache vor Ort folgte noch eine F\u00fchrung durch Produktionsr\u00e4ume, Lager und K\u00fcche wobei die Gefahrenstellen angesprochen wurden.<br \/>\nAnschlie\u00dfend folgte bei einer kleinen St\u00e4rkung eine Aufkl\u00e4rung durch Herrn Werner G\u00f6tz von der Polizeiinspektion Ebermannstadt zum Thema &#8222;Rechte, Pflichten und Gefahren bei Anfahrten zum Ger\u00e4tehaus und von dort zum Einsatzort&#8220;.<br \/>\nGleich folgte der n\u00e4chste Einsatz mit dem Stichwort \u201eeingeklemmte Person unter Traktor\u201c. Dem aber nicht genug, denn aus der Garage an der Einsatzstelle drang dichter Rauch.<br \/>\nNach einem gemeinsamen Mittagessen folgte ein weiter Theorieblock, mit dem Thema \u201eRichtiges Bel\u00fcften\u201c.<br \/>\nDas n\u00e4chste \u00dcbungsszenario spielte sich am Festplatz in Weilersbach ab. Ein PKW hatte sich \u00fcberschlagen und blieb auf der Seite liegen. 2 Personen waren darin eingeklemmt. Nach dem Retten der Personen geriet der PKW in Brand welcher erfolgreich bek\u00e4mpft wurde.<br \/>\nNach diesen interessanten und lehrreichen \u00dcbungen lie\u00dfen wir den Tag mit einem gemeinsamen Abendessen im Feuerwehrhaus ausklingen.<br \/>\nEin Riesendank muss hier f\u00fcr die Organisation an unseren 1. Kommandanten Wunner Wolfgang und 2. Kommandanten Henkel Michael und deren K\u00fcchenteam gehen. Es war ein sehr lehrreicher und gelungener Tag der bestimmt n\u00e4chstes Jahr wieder angeboten wird!!!!<\/p>\nngg_shortcode_0_placeholder\n<p>&nbsp;<\/p>\n<p>&nbsp;<\/p>\n","protected":false},"excerpt":{"rendered":"<p>\u00dcBUNG &#8211; 12 Stunden lang! Am 14. M\u00e4rz 2015 stand eine Tages\u00fcbung auf unseren Ausbildungskalender. Was dahinter steckt? Ziel war es \u00fcber den Tag verteilt verschiedene realit\u00e4tsnahe \u00dcbungen zu absolvieren &hellip; <\/p>\n","protected":false},"author":6,"featured_media":0,"comment_status":"closed","ping_status":"closed","sticky":false,"template":"","format":"standard","meta":{"ngg_post_thumbnail":0,"footnotes":""},"categories":[3],"tags":[],"class_list":["post-3639","post","type-post","status-publish","format-standard","hentry","category-uebung"],"_links":{"self":[{"href":"https:\/\/ffw-weilersbach.de\/wordpress\/wp-json\/wp\/v2\/posts\/3639","targetHints":{"allow":["GET"]}}],"collection":[{"href":"https:\/\/ffw-weilersbach.de\/wordpress\/wp-json\/wp\/v2\/posts"}],"about":[{"href":"https:\/\/ffw-weilersbach.de\/wordpress\/wp-json\/wp\/v2\/types\/post"}],"author":[{"embeddable":true,"href":"https:\/\/ffw-weilersbach.de\/wordpress\/wp-json\/wp\/v2\/users\/6"}],"replies":[{"embeddable":true,"href":"https:\/\/ffw-weilersbach.de\/wordpress\/wp-json\/wp\/v2\/comments?post=3639"}],"version-history":[{"count":10,"href":"https:\/\/ffw-weilersbach.de\/wordpress\/wp-json\/wp\/v2\/posts\/3639\/revisions"}],"predecessor-version":[{"id":3666,"href":"https:\/\/ffw-weilersbach.de\/wordpress\/wp-json\/wp\/v2\/posts\/3639\/revisions\/3666"}],"wp:attachment":[{"href":"https:\/\/ffw-weilersbach.de\/wordpress\/wp-json\/wp\/v2\/media?parent=3639"}],"wp:term":[{"taxonomy":"category","embeddable":true,"href":"https:\/\/ffw-weilersbach.de\/wordpress\/wp-json\/wp\/v2\/categories?post=3639"},{"taxonomy":"post_tag","embeddable":true,"href":"https:\/\/ffw-weilersbach.de\/wordpress\/wp-json\/wp\/v2\/tags?post=3639"}],"curies":[{"name":"wp","href":"https:\/\/api.w.org\/{rel}","templated":true}]}}