{"id":3591,"date":"2015-02-05T21:04:33","date_gmt":"2015-02-05T20:04:33","guid":{"rendered":"http:\/\/www.ffw-weilersbach.de\/wordpress\/?p=3591"},"modified":"2015-02-05T21:37:56","modified_gmt":"2015-02-05T20:37:56","slug":"psnv-unterricht-in-weilersbach","status":"publish","type":"post","link":"https:\/\/ffw-weilersbach.de\/wordpress\/archive\/3591","title":{"rendered":"PSNV \u2013 Unterricht in Weilersbach"},"content":{"rendered":"<p>&nbsp;<br \/>\nngg_shortcode_0_placeholder<br \/>\n&nbsp;<\/p>\n<p>In Verbindung mit der 1. \u00dcbung im neuem Jahr 2015 war auch das PSNV \u2013 Team des Landkreises Thomas Schuster und Prof. Dr. Stephan Eitner zu einer Ausbildungseinheit vor Ort.<br \/>\nNachdem Schuster das Team mit Einsatzkr\u00e4ften aus dem Landkreis, dessen Einsatzstruktur und Alarmierungsm\u00f6glichkeiten vorgestellt hatte, stellte er in pr\u00e4gnanter und anschaulicher Art und Weise dar, dass jede Feuerwehr betroffen sein kann oder eventuell schon betroffen war, ohne das dies f\u00fcr die Beteiligten offensichtlich wurde. Thomas Schuster verdeutlichte dies am Beispiel von Feuerwehrkameraden oder -kameradinnen, die ohne ersichtlichen Grund irgendwann nicht mehr zu \u00dcbungen und Eins\u00e4tzen erscheinen.<\/p>\n<p>Schlie\u00dflich stellte Eitner die m\u00f6glichen Ursachen, den Verlauf und die Interventionsm\u00f6glichkeiten \u201evor\u201c, \u201ew\u00e4hrend\u201c und \u201enach\u201c einem potenziell belastenden Einsatz dar. Er betonte, dass es verschiedene Reaktionsm\u00f6glichkeiten des K\u00f6rpers und der Psyche auf entsprechende Eins\u00e4tze geben kann. Ein Einsatz kann Abl\u00e4ufe und Ver\u00e4nderungen im K\u00f6rper in Gang setzen, die willentlich nicht mehr zu beeinflussen sind und die, wie eine Verletzung, mal besser oder schlechter heilen k\u00f6nnen. So kann ein Feuerwehrdienstleistender an einem schwierigen und stressigen Einsatz \u201ewachsen, \u201ekeinerlei Reaktionen zeigen\u201c oder aber \u201epsychisch belastet\u201c werden. Jede dieser Reaktionen ist eine angemessene Reaktion auf ein ungew\u00f6hnliches Ereignis, den Einsatz. In jedem Fall sollte der Feuerwehrdienstleistende aber vorbereitet sein, um damit eine psychische Belastung, bis hin zur Ausbildung einer posttraumatischen Belastungsst\u00f6rung und sich daraus ableitender weiterer Krankheitsbilder, zu vermeiden. Hier sieht das Team auch seine vorrangige Aufgabe. Im Rahmen von Winterschulungen und der neu strukturierten Truppmannausbildung, in der die \u201ePSNV-Schulung\u201c ein verpflichtendes Modul darstellt, bietet sich das Team als Dienstleister f\u00fcr die Feuerwehren im Landkreis an, diese Schulungen durchzuf\u00fchren.<\/p>\n<p>Die 50 anwesenden Aktiven der Freiwilligen Feuerwehr Weilersbach bewerteten das Angebot und die Ausf\u00fchrung sehr positiv und jede Feuerwehr im Landkreis sollte diese Form der Ausbildung einmal durchgef\u00fchrt haben.<\/p>\n","protected":false},"excerpt":{"rendered":"<p>&nbsp; &nbsp; In Verbindung mit der 1. \u00dcbung im neuem Jahr 2015 war auch das PSNV \u2013 Team des Landkreises Thomas Schuster und Prof. Dr. Stephan Eitner zu einer Ausbildungseinheit &hellip; <\/p>\n","protected":false},"author":1,"featured_media":0,"comment_status":"closed","ping_status":"closed","sticky":false,"template":"","format":"standard","meta":{"ngg_post_thumbnail":0,"footnotes":""},"categories":[3],"tags":[],"class_list":["post-3591","post","type-post","status-publish","format-standard","hentry","category-uebung"],"_links":{"self":[{"href":"https:\/\/ffw-weilersbach.de\/wordpress\/wp-json\/wp\/v2\/posts\/3591","targetHints":{"allow":["GET"]}}],"collection":[{"href":"https:\/\/ffw-weilersbach.de\/wordpress\/wp-json\/wp\/v2\/posts"}],"about":[{"href":"https:\/\/ffw-weilersbach.de\/wordpress\/wp-json\/wp\/v2\/types\/post"}],"author":[{"embeddable":true,"href":"https:\/\/ffw-weilersbach.de\/wordpress\/wp-json\/wp\/v2\/users\/1"}],"replies":[{"embeddable":true,"href":"https:\/\/ffw-weilersbach.de\/wordpress\/wp-json\/wp\/v2\/comments?post=3591"}],"version-history":[{"count":12,"href":"https:\/\/ffw-weilersbach.de\/wordpress\/wp-json\/wp\/v2\/posts\/3591\/revisions"}],"predecessor-version":[{"id":3605,"href":"https:\/\/ffw-weilersbach.de\/wordpress\/wp-json\/wp\/v2\/posts\/3591\/revisions\/3605"}],"wp:attachment":[{"href":"https:\/\/ffw-weilersbach.de\/wordpress\/wp-json\/wp\/v2\/media?parent=3591"}],"wp:term":[{"taxonomy":"category","embeddable":true,"href":"https:\/\/ffw-weilersbach.de\/wordpress\/wp-json\/wp\/v2\/categories?post=3591"},{"taxonomy":"post_tag","embeddable":true,"href":"https:\/\/ffw-weilersbach.de\/wordpress\/wp-json\/wp\/v2\/tags?post=3591"}],"curies":[{"name":"wp","href":"https:\/\/api.w.org\/{rel}","templated":true}]}}