{"id":3530,"date":"2015-01-15T20:32:27","date_gmt":"2015-01-15T19:32:27","guid":{"rendered":"http:\/\/www.ffw-weilersbach.de\/wordpress\/?p=3530"},"modified":"2015-01-15T20:35:38","modified_gmt":"2015-01-15T19:35:38","slug":"jahreshaupt-und-dienstversammlung-2015","status":"publish","type":"post","link":"https:\/\/ffw-weilersbach.de\/wordpress\/archive\/3530","title":{"rendered":"Jahreshaupt- und Dienstversammlung 2015"},"content":{"rendered":"<p>&nbsp;<\/p>\n<p>Bericht vom 15.01.2015 aus dem Fr\u00e4nkischen Tag:<\/p>\n<blockquote>\n<h1>150. Jubil\u00e4um steht bevor<\/h1>\n<p><strong>von unserer Mitarbeiterin\u00a0Heidi Amon Weilersbach \u2014 Gro\u00dfes Lob f\u00fcr die Jugendarbeit, die Adjutanten-Wahl sowie eine Satzungs\u00e4nderung und Beitragserh\u00f6hung standen bei der gut besucht&#8230;<\/strong><\/p>\n<p>Weilersbach \u2014 Gro\u00dfes Lob f\u00fcr die Jugendarbeit, die Adjutanten-Wahl sowie eine Satzungs\u00e4nderung und Beitragserh\u00f6hung standen bei der gut besuchten Jahreshauptversammlung der Freiwilligen Feuerwehr Weilersbach neben positiven Vorstandsberichten im Vordergrund. So hielten sich nach dem Kommandantenbericht von Wolfgang Wunner 62 Aktive der Wehr (zehn Frauen und 52 M\u00e4nner) bei 19 \u00dcbungen fit f\u00fcr den Ernstfall. 25 Eins\u00e4tze und 689 geleistete Stunden wurden im Jahr 2014 geleistet. Au\u00dferdem nahmen die Feuerwehrfrauen und -m\u00e4nner auch an zahlreichen Lehrg\u00e4ngen teil.<br \/>\n<strong class=\"artZwischenzeile\"><br \/>\nVier Br\u00e4nde<\/strong><br \/>\nViermal mussten die Einsatzkr\u00e4fte zu einem Brand ausr\u00fccken und siebenmal zu technischen Hilfeleistungen. \u00dcberschattet wurde die Jahresbilanz von einem Einsatz am Bahn\u00fcbergang Pretzfeld mit t\u00f6dlichem Ausgang. &#8222;Gott sei Dank sei man vor gr\u00f6\u00dferen Katastropheneins\u00e4tzen verschont geblieben&#8220; so Kommandant Wunner. Er bedauert die \u00dcbungsmoral. Deshalb sein Appell: &#8222;Nehmt bitte an den \u00dcbungen teil.&#8220; Anschlie\u00dfend wurden Laura Kern, Sophie D\u00f6tzer, Lara Gath, Benedikt Hack, Damian Weber, Jessica Fibich, Nico Schuster und Lukas Kap in den Feuerwehrdienst aufgenommen.<br \/>\nVorsitzender Michael W\u00f6lker blickte mit den rund 72 Anwesenden auf das rege Vereinsjahr der 374 Feuerwehrmitglieder zur\u00fcck und schaute voraus auf 2015, in dem das wohl gr\u00f6\u00dfte Ereignis das 150. Feuerwehrjubil\u00e4um vom 4. bis 7. Juni sein wird. Einen gesunden Kassenstand wies Kassier Christopher Gelbhardt nach und Mario Finze zeigte sich als Ger\u00e4tewart stolz auf die geleistete Arbeit der Ger\u00e4tewartgruppe.<\/p>\n<p>Unter den Fittichen von Christopher Amon und Christoph Pfeufer, unterst\u00fctzt von Bernhard Amon, werden 21 junge Leute, zehn Jungs und elf M\u00e4dels, ausgebildet. Betreuerin Anna Hack berichtete von zehn \u00dcbungen mit rund 15 Kindern sowie dem Highlight des Jahres: Der Kinderfeuerwehrolympiade, die zum 2. Male in Weilersbach stattfand und an der 72 Jungen und M\u00e4dchen aus zehn Landkreisfeuerwehren teilnahmen.<br \/>\nZ\u00fcgig \u00fcber die B\u00fchne gingen die anstehenden Wahlen. Michael Henkel wurde f\u00fcr sechs Jahre zum Adjutanten bestimmt, Stefan Roppelt und Bernhard Hack zu Kassenpr\u00fcfern. Beschlossen wurde au\u00dferdem eine \u00c4nderung von vier Paragrafen der Vereinssatzung, sodass Kinder unter zw\u00f6lf Jahren in Zukunft bereits Mitglieder werden k\u00f6nnen. Der j\u00e4hrliche Vereinsbeitrag wurde auf zw\u00f6lf Euro erh\u00f6ht.<\/p><\/blockquote>\n<p>&nbsp;<\/p>\n","protected":false},"excerpt":{"rendered":"<p>&nbsp; Bericht vom 15.01.2015 aus dem Fr\u00e4nkischen Tag: 150. Jubil\u00e4um steht bevor von unserer Mitarbeiterin\u00a0Heidi Amon Weilersbach \u2014 Gro\u00dfes Lob f\u00fcr die Jugendarbeit, die Adjutanten-Wahl sowie eine Satzungs\u00e4nderung und Beitragserh\u00f6hung &hellip; <\/p>\n","protected":false},"author":1,"featured_media":0,"comment_status":"closed","ping_status":"closed","sticky":false,"template":"","format":"standard","meta":{"ngg_post_thumbnail":0,"footnotes":""},"categories":[1],"tags":[],"class_list":["post-3530","post","type-post","status-publish","format-standard","hentry","category-allgemein"],"_links":{"self":[{"href":"https:\/\/ffw-weilersbach.de\/wordpress\/wp-json\/wp\/v2\/posts\/3530","targetHints":{"allow":["GET"]}}],"collection":[{"href":"https:\/\/ffw-weilersbach.de\/wordpress\/wp-json\/wp\/v2\/posts"}],"about":[{"href":"https:\/\/ffw-weilersbach.de\/wordpress\/wp-json\/wp\/v2\/types\/post"}],"author":[{"embeddable":true,"href":"https:\/\/ffw-weilersbach.de\/wordpress\/wp-json\/wp\/v2\/users\/1"}],"replies":[{"embeddable":true,"href":"https:\/\/ffw-weilersbach.de\/wordpress\/wp-json\/wp\/v2\/comments?post=3530"}],"version-history":[{"count":3,"href":"https:\/\/ffw-weilersbach.de\/wordpress\/wp-json\/wp\/v2\/posts\/3530\/revisions"}],"predecessor-version":[{"id":3533,"href":"https:\/\/ffw-weilersbach.de\/wordpress\/wp-json\/wp\/v2\/posts\/3530\/revisions\/3533"}],"wp:attachment":[{"href":"https:\/\/ffw-weilersbach.de\/wordpress\/wp-json\/wp\/v2\/media?parent=3530"}],"wp:term":[{"taxonomy":"category","embeddable":true,"href":"https:\/\/ffw-weilersbach.de\/wordpress\/wp-json\/wp\/v2\/categories?post=3530"},{"taxonomy":"post_tag","embeddable":true,"href":"https:\/\/ffw-weilersbach.de\/wordpress\/wp-json\/wp\/v2\/tags?post=3530"}],"curies":[{"name":"wp","href":"https:\/\/api.w.org\/{rel}","templated":true}]}}