{"id":3195,"date":"2014-11-17T13:23:47","date_gmt":"2014-11-17T12:23:47","guid":{"rendered":"http:\/\/www.ffw-weilersbach.de\/wordpress\/?p=3195"},"modified":"2014-11-18T19:02:17","modified_gmt":"2014-11-18T18:02:17","slug":"eindruecke-der-grossuebung","status":"publish","type":"post","link":"https:\/\/ffw-weilersbach.de\/wordpress\/archive\/3195","title":{"rendered":"Eindr\u00fccke von der Gro\u00df\u00fcbung"},"content":{"rendered":"<p>&nbsp;<\/p>\n<p>Am Samstag, den 15. November fand die Gro\u00df\u00fcbung des zweiten Halbjahres der Feuerwehr Weilersbach mit Unterst\u00fctzung der Kameraden aus Reifenberg statt.<br \/>\nMit dem Einsatzstichwort \u201eBrand im Heizungsraum \u2013 Personen in Gefahr\u201c R\u00fcckte die Mannschaft zur komplett renovierten und umgebauten Kindertagesst\u00e4tte in Weilersbach aus.<br \/>\nNachdem das erste Fahrzeug am Einsatzort eintraf, wurde vom Einsatzleiter sofort mit der Kindergartenleiterin Verbindung aufgenommen, um Details zu erfahren. Die Anfahrt der nachfolgenden Fahrzeuge verz\u00f6gerte sich, da das Durchkommen durch geparkte Fahrzeuge erschwert wurde. Im Ernstfall w\u00fcrde hier wertvolle Zeit verloren gehen.<\/p>\n<p align=\"center\"><a href=\"http:\/\/www.ffw-weilersbach.de\/wordpress\/wp-content\/uploads\/10628089_660469054070691_403501045135018741_n.jpg\"><img loading=\"lazy\" decoding=\"async\" class=\"aligncenter size-thumbnail wp-image-3197\" src=\"http:\/\/www.ffw-weilersbach.de\/wordpress\/wp-content\/uploads\/10628089_660469054070691_403501045135018741_n-150x150.jpg\" alt=\"10628089_660469054070691_403501045135018741_n\" width=\"150\" height=\"150\" \/><\/a><\/p>\n<p>Drei Atemschutztrupps wurden zur Personensuche, sowie zur Brandbek\u00e4mpfung in das Geb\u00e4ude geschickt. Die sechs vermissten Personen wurden rasch gefunden und der &#8222;Brand&#8220; abgel\u00f6scht. Nach ca. einer halben Stunde konnte die Einsatz\u00fcbung beendet werden.<br \/>\nAuch der 1. B\u00fcrgermeister Hr. Gerhard Amon und der 2. B\u00fcrgermeister Hr. Marco Friepes waren vor Ort und konnten sich von der Arbeit der Einsatzkr\u00e4fte \u00fcberzeugen.<br \/>\nIm Anschluss an die \u00dcbung fand eine kleine F\u00fchrung durch die R\u00e4ume mit allen Infos zu Neuerungen im Geb\u00e4ude statt. Beim gem\u00fctlichen Beisammensein im Feuerwehrhaus wurde der Ablauf der \u00dcbung nachbesprochen.<\/p>\n<div id='gallery-1' class='gallery galleryid-3195 gallery-columns-3 gallery-size-thumbnail'><figure class='gallery-item'>\n\t\t\t<div class='gallery-icon landscape'>\n\t\t\t\t<a href='https:\/\/ffw-weilersbach.de\/wordpress\/archive\/3195\/10698631_660469024070694_2060089627393460836_n-2'><img loading=\"lazy\" decoding=\"async\" width=\"150\" height=\"150\" src=\"https:\/\/ffw-weilersbach.de\/wordpress\/wp-content\/uploads\/10698631_660469024070694_2060089627393460836_n1-150x150.jpg\" class=\"attachment-thumbnail size-thumbnail\" alt=\"\" \/><\/a>\n\t\t\t<\/div><\/figure><figure class='gallery-item'>\n\t\t\t<div class='gallery-icon landscape'>\n\t\t\t\t<a href='https:\/\/ffw-weilersbach.de\/wordpress\/archive\/3195\/10421509_660469090737354_2000642062058568608_n'><img loading=\"lazy\" decoding=\"async\" width=\"150\" height=\"150\" src=\"https:\/\/ffw-weilersbach.de\/wordpress\/wp-content\/uploads\/10421509_660469090737354_2000642062058568608_n-150x150.jpg\" class=\"attachment-thumbnail size-thumbnail\" alt=\"\" \/><\/a>\n\t\t\t<\/div><\/figure><figure class='gallery-item'>\n\t\t\t<div class='gallery-icon landscape'>\n\t\t\t\t<a href='https:\/\/ffw-weilersbach.de\/wordpress\/archive\/3195\/10306737_660468987404031_1681668185170300173_n'><img loading=\"lazy\" decoding=\"async\" width=\"150\" height=\"150\" src=\"https:\/\/ffw-weilersbach.de\/wordpress\/wp-content\/uploads\/10306737_660468987404031_1681668185170300173_n-150x150.jpg\" class=\"attachment-thumbnail size-thumbnail\" alt=\"\" \/><\/a>\n\t\t\t<\/div><\/figure>\n\t\t<\/div>\n\n","protected":false},"excerpt":{"rendered":"<p>&nbsp; Am Samstag, den 15. November fand die Gro\u00df\u00fcbung des zweiten Halbjahres der Feuerwehr Weilersbach mit Unterst\u00fctzung der Kameraden aus Reifenberg statt. Mit dem Einsatzstichwort \u201eBrand im Heizungsraum \u2013 Personen &hellip; <\/p>\n","protected":false},"author":6,"featured_media":0,"comment_status":"closed","ping_status":"closed","sticky":false,"template":"","format":"standard","meta":{"ngg_post_thumbnail":0,"footnotes":""},"categories":[3],"tags":[],"class_list":["post-3195","post","type-post","status-publish","format-standard","hentry","category-uebung"],"_links":{"self":[{"href":"https:\/\/ffw-weilersbach.de\/wordpress\/wp-json\/wp\/v2\/posts\/3195","targetHints":{"allow":["GET"]}}],"collection":[{"href":"https:\/\/ffw-weilersbach.de\/wordpress\/wp-json\/wp\/v2\/posts"}],"about":[{"href":"https:\/\/ffw-weilersbach.de\/wordpress\/wp-json\/wp\/v2\/types\/post"}],"author":[{"embeddable":true,"href":"https:\/\/ffw-weilersbach.de\/wordpress\/wp-json\/wp\/v2\/users\/6"}],"replies":[{"embeddable":true,"href":"https:\/\/ffw-weilersbach.de\/wordpress\/wp-json\/wp\/v2\/comments?post=3195"}],"version-history":[{"count":11,"href":"https:\/\/ffw-weilersbach.de\/wordpress\/wp-json\/wp\/v2\/posts\/3195\/revisions"}],"predecessor-version":[{"id":3213,"href":"https:\/\/ffw-weilersbach.de\/wordpress\/wp-json\/wp\/v2\/posts\/3195\/revisions\/3213"}],"wp:attachment":[{"href":"https:\/\/ffw-weilersbach.de\/wordpress\/wp-json\/wp\/v2\/media?parent=3195"}],"wp:term":[{"taxonomy":"category","embeddable":true,"href":"https:\/\/ffw-weilersbach.de\/wordpress\/wp-json\/wp\/v2\/categories?post=3195"},{"taxonomy":"post_tag","embeddable":true,"href":"https:\/\/ffw-weilersbach.de\/wordpress\/wp-json\/wp\/v2\/tags?post=3195"}],"curies":[{"name":"wp","href":"https:\/\/api.w.org\/{rel}","templated":true}]}}