{"id":2859,"date":"2013-07-29T14:12:13","date_gmt":"2013-07-29T13:12:13","guid":{"rendered":"http:\/\/www.ffw-weilersbach.de\/wordpress\/?p=2859"},"modified":"2013-07-29T14:12:13","modified_gmt":"2013-07-29T13:12:13","slug":"erwachsenenleistungsmarsch-in-weismain","status":"publish","type":"post","link":"https:\/\/ffw-weilersbach.de\/wordpress\/archive\/2859","title":{"rendered":"Erwachsenenleistungsmarsch in Weismain"},"content":{"rendered":"<p>105 Gruppen stellten sich der Herausforderung am w\u00e4rmsten Wochenende des Jahres 2013 die 12 \u00dcbungsstationen zum 13. oberfr\u00e4nkischen Erwachsenenleistungsmarsch in Weismain, darunter 2 Gruppen der Feuerwehr Weilersbach.<br \/>\nBegonnen wurde der Wettbewerb traditionell mit einem gro\u00dfen Einzug der Wettkampfrichter, Funktionstr\u00e4ger aus Feuerwehr und Politik und nat\u00fcrlich den 420  Wettkampfteilnehmerinnen und \u2013teilnehmern. Auf der Marschstrecke durch das gesamte Stadtgebiet, zeigten die Feuerwehrfrauen und \u2013m\u00e4nner, was sie sich in intensiven \u00dcbungen angeeignet hatten. Sie mussten eine L\u00f6schangriff in spannungsf\u00fchrenden Anlagen durchf\u00fchren, B- Schl\u00e4uche ausrollen, Brustbund mit Spierenstich mit geschlossenen Augen an sich selbst anlegen, ein Ger\u00e4t vorschriftsm\u00e4\u00dfig in die 1. Etage bef\u00f6rdern, diverse Kn\u00f6ten vorf\u00fchren, eine komplette Saugleitung kuppeln, einen Zielwurf mit der Fangleine durchf\u00fchren, in der Kartenkunde unbekannte Objekte und Koordinaten beschreiben, die Farbkennzeichnung von Gasflaschen richtig bestimmen und zum Schluss noch Frageb\u00f6gen f\u00fcr Fahrzeug- und Ger\u00e4tekunde richtig beantworten. Diese ganzen Aufgaben mussten in einer gewissen Zeit bew\u00e4ltigt werden, wobei die ganze Gruppe bestehend aus jeweils 4 Personen von den vielen Wertungsrichtern bewertet wurde. Bei der Siegerehrung durch den Fachbereichsleiter KBM Thomas Hoffmann war die Freude bei den Weilersbacher gro\u00df, dass die 1.Gruppe mit dem 18. Platz auch einen der begehrten Pokale entgegen nehmen konnte. Die 2.Gruppe der Weilersbacher, die erstmals an solch einen Leistungsmarsch teilgenommen hatten, belegte einen guten 56. Platz.<br \/>\nTeilnehmer der 1. Gruppe waren Amon Christopher, Stefan Roppelt, Amon Dominik und Christoph Pfeufer, Teilnehmer der 2. Gruppe waren Wunner Patrick, Hack Johannes, Gath Marcel und Hoffmann Andre. Alle waren sich einig, dass man auch wieder am n\u00e4chsten Leistungsmarsch in Sparneck teilnehmen wird.<br \/>\n<a href=\"http:\/\/www.ffw-weilersbach.de\/wordpress\/wp-content\/Gruppe3.jpg\"><img loading=\"lazy\" decoding=\"async\" src=\"http:\/\/www.ffw-weilersbach.de\/wordpress\/wp-content\/Gruppe3-300x225.jpg\" alt=\"Weismain\" width=\"300\" height=\"225\" class=\"aligncenter size-medium wp-image-2860\" \/><\/a><\/p>\n","protected":false},"excerpt":{"rendered":"<p>105 Gruppen stellten sich der Herausforderung am w\u00e4rmsten Wochenende des Jahres 2013 die 12 \u00dcbungsstationen zum 13. oberfr\u00e4nkischen Erwachsenenleistungsmarsch in Weismain, darunter 2 Gruppen der Feuerwehr Weilersbach. Begonnen wurde der &hellip; <\/p>\n","protected":false},"author":5,"featured_media":0,"comment_status":"closed","ping_status":"closed","sticky":false,"template":"","format":"standard","meta":{"ngg_post_thumbnail":0,"footnotes":""},"categories":[1],"tags":[],"class_list":["post-2859","post","type-post","status-publish","format-standard","hentry","category-allgemein"],"_links":{"self":[{"href":"https:\/\/ffw-weilersbach.de\/wordpress\/wp-json\/wp\/v2\/posts\/2859","targetHints":{"allow":["GET"]}}],"collection":[{"href":"https:\/\/ffw-weilersbach.de\/wordpress\/wp-json\/wp\/v2\/posts"}],"about":[{"href":"https:\/\/ffw-weilersbach.de\/wordpress\/wp-json\/wp\/v2\/types\/post"}],"author":[{"embeddable":true,"href":"https:\/\/ffw-weilersbach.de\/wordpress\/wp-json\/wp\/v2\/users\/5"}],"replies":[{"embeddable":true,"href":"https:\/\/ffw-weilersbach.de\/wordpress\/wp-json\/wp\/v2\/comments?post=2859"}],"version-history":[{"count":0,"href":"https:\/\/ffw-weilersbach.de\/wordpress\/wp-json\/wp\/v2\/posts\/2859\/revisions"}],"wp:attachment":[{"href":"https:\/\/ffw-weilersbach.de\/wordpress\/wp-json\/wp\/v2\/media?parent=2859"}],"wp:term":[{"taxonomy":"category","embeddable":true,"href":"https:\/\/ffw-weilersbach.de\/wordpress\/wp-json\/wp\/v2\/categories?post=2859"},{"taxonomy":"post_tag","embeddable":true,"href":"https:\/\/ffw-weilersbach.de\/wordpress\/wp-json\/wp\/v2\/tags?post=2859"}],"curies":[{"name":"wp","href":"https:\/\/api.w.org\/{rel}","templated":true}]}}