{"id":2465,"date":"2012-09-03T21:39:37","date_gmt":"2012-09-03T20:39:37","guid":{"rendered":"http:\/\/www.ffw-weilersbach.de\/wordpress\/?p=2465"},"modified":"2012-09-03T21:39:37","modified_gmt":"2012-09-03T20:39:37","slug":"neue-einsatzjacken","status":"publish","type":"post","link":"https:\/\/ffw-weilersbach.de\/wordpress\/archive\/2465","title":{"rendered":"Neue Einsatzjacken"},"content":{"rendered":"<p><strong>Bericht in den N\u00fcrnberger Nachrichten vom 28.08.2012<\/strong><\/p>\n<blockquote>\n<h1>Leichter und sicherer<\/h1>\n<h2>Neue Schutzjacken bei der Feuerwehr Weilersbach<\/h2>\n<p>WEILERSBACH\u00a0 &#8211; \u201eSuper\u201c f\u00fchlt sich Mario Finze in der neuen hellen Schutzjacke. \u201eLeichter als die alte und in der Bewegung ist man auch nicht mehr so eingeschr\u00e4nkt\u201c urteilte er nach der ersten Anprobe. Die Gemeinde Weilersbach hat als erste im Landkreis neue Schutzjacken f\u00fcr ihre Feuerwehrleute angeschafft.<\/p>\n<p><a href=\"http:\/\/www.ffw-weilersbach.de\/wordpress\/wp-content\/1313881014.jpg\"><img loading=\"lazy\" decoding=\"async\" class=\"aligncenter size-full wp-image-2466\" title=\"1313881014\" src=\"http:\/\/www.ffw-weilersbach.de\/wordpress\/wp-content\/1313881014.jpg\" alt=\"\" width=\"280\" height=\"210\" \/><\/a><\/p>\n<p>\u201eZudem schaut sie gut aus.\u201c Mario Finze wei\u00df wovon er spricht, denn als aktiver Feuerwehrmann bei der Feuerwehr Weilersbach f\u00e4hrt er bei vielen Eins\u00e4tzen mit. \u201eIch finde die neue Jacke auch deshalb optimal, weil sie wasserundurchl\u00e4ssig und atmungsaktiv ist. In der herk\u00f6mmlichen Schutzjacke war man bei Regen n\u00e4mlich schon nach zehn Minuten durchn\u00e4sst und bei Hitze binnen kurzer Zeit schwei\u00dfgebadet\u201c wei\u00df er zu erz\u00e4hlen.<\/p>\n<h4>Hellbeige und Rot<\/h4>\n<p>Weilersbachs Rothelme bekamen k\u00fcrzlich neue Brandschutzjacken. 70 St\u00fcck an der Zahl. Damit ist Weilersbach die erste Feuerwehr im Landkreis, deren \u201egesamte aktive Mannschaft\u201c mit Jacken auf dem modernsten Stand ausgestattet wurde. Die Aktiven mit hellbeigen, die beiden Kommandanten und der B\u00fcrgermeister mit roten.<\/p>\n<p>Ob die Neuausstattung f\u00fcr die Aktiven nun sinnvoll sei, wurde von Kommandant Wolfgang Wunner und Adjutant Michael Henkel mit einem klaren \u201eJa\u201c beantwortet. Denn die alten Jacken waren abgetragen und sind unbrauchbar geworden. Die Mehrzahl muss entsorgt werden. Einige wenige dienen noch als Ersatzjacken. Ein Hauptgedanke bei der Neuanschaffung der neuen Brandschutzkleidung war aber \u201edie Sicherheit der Feuerwehrleute bei ihren Eins\u00e4tzen. Bei Brandeins\u00e4tzen gibt es immer noch tote oder in Folge von Verbrennungen schwer verletzte Kameraden\u201c, berichteten Wunner und Henkel.<\/p>\n<h4>Besser zu sehen<\/h4>\n<p>Das Besondere an den Feuerwehr\u00fcberjacken sei einmal die Farbe. Sie sind beige mit gelber Reflexbestreifung und nicht mehr dunkelblau. Die helle Farbe biete einen h\u00f6heren Schutz vor Hitzestrahlung im Brandeinsatz sowie vor Sonneneinstrahlung. Vor allem sehe man die Einsatzkr\u00e4fte besser im Stra\u00dfenverkehr, gerade bei Dunkelheit.<\/p>\n<p>Die noch ungewohnte Farbe ergebe sich jedoch aus dem Obermaterial, das f\u00fcr die neue Schutzkleidung verwendet wurde: PBI Matrix. Dieses Gewebe, das urspr\u00fcnglich f\u00fcr die amerikanische Raumfahrtbeh\u00f6rde NASA entwickelt wurde, enth\u00e4lt zu 40 Prozent hitzefeste Polybenzimidazol-Fasern und zu 60 Prozent hochstabile Aramid-Fasern.<\/p>\n<p>Das Gewebe sei auch widerstandsf\u00e4hig gegen S\u00e4uren, Laugen und organische Chemikalien. Ebenso ist eine kurzzeitige Beflammung von zirka 1000 Grad Celsius m\u00f6glich. Weitere Highlights sind: Absolut wasserdicht und atmungsaktiv durch Gore-Tex Membrane, Gewichtsreduzierung, zus\u00e4tzliche Luftpolster im Schulterbereich und Reparatur\u00f6ffnung im Innenbereich.<\/p>\n<p>Stolz auf die Neuausstattung seiner Feuerwehr zeigte sich bei der \u00dcbergabe der Schutzkleidung im Feuerwehrhaus auch B\u00fcrgermeister Gerhard Amon. An die 40000 Euro m\u00fcssen hierf\u00fcr aus der Gemeindekasse locker gemacht werden.<\/p>\n<p>Wie Amon dazu erkl\u00e4rte, habe man im Gemeinderat diese Anschaffung als sinnvoll und notwendig gesehen und war einstimmig daf\u00fcr. \u201eLeben geht vor Sparma\u00dfnahmen\u201c sagte der Gemeindechef mit Dankesworten an die Freiwilligen f\u00fcr ihre Einsatzbereitschaft. Akzeptabel fand Amon auch den Finanzierungsplan, den die beiden Weilersbacher Kommandanten Wunner und Henkel mit dem in Wachenroth ortsans\u00e4ssigen Bekleidungshaus Murk erstellt haben. Der Kauf der Schutzjacken wird in zwei Raten bezahlt, die von der Gemeinde im Haushaltsjahr 2012 und 2013 jeweils mit zirka 20000 Euro einplant werden.\u201eDaf\u00fcr m\u00fcssen in n\u00e4chster Zeit aber bauliche Ma\u00dfnahmen bei der Feuerwehr zur\u00fcckgestellt werden\u201c gab der B\u00fcrgermeister zu verstehen.<\/p><\/blockquote>\n","protected":false},"excerpt":{"rendered":"<p>Bericht in den N\u00fcrnberger Nachrichten vom 28.08.2012 Leichter und sicherer Neue Schutzjacken bei der Feuerwehr Weilersbach WEILERSBACH\u00a0 &#8211; \u201eSuper\u201c f\u00fchlt sich Mario Finze in der neuen hellen Schutzjacke. \u201eLeichter als &hellip; <\/p>\n","protected":false},"author":1,"featured_media":0,"comment_status":"closed","ping_status":"closed","sticky":false,"template":"","format":"standard","meta":{"ngg_post_thumbnail":0,"footnotes":""},"categories":[1,2,3],"tags":[],"class_list":["post-2465","post","type-post","status-publish","format-standard","hentry","category-allgemein","category-einsatz","category-uebung"],"_links":{"self":[{"href":"https:\/\/ffw-weilersbach.de\/wordpress\/wp-json\/wp\/v2\/posts\/2465","targetHints":{"allow":["GET"]}}],"collection":[{"href":"https:\/\/ffw-weilersbach.de\/wordpress\/wp-json\/wp\/v2\/posts"}],"about":[{"href":"https:\/\/ffw-weilersbach.de\/wordpress\/wp-json\/wp\/v2\/types\/post"}],"author":[{"embeddable":true,"href":"https:\/\/ffw-weilersbach.de\/wordpress\/wp-json\/wp\/v2\/users\/1"}],"replies":[{"embeddable":true,"href":"https:\/\/ffw-weilersbach.de\/wordpress\/wp-json\/wp\/v2\/comments?post=2465"}],"version-history":[{"count":2,"href":"https:\/\/ffw-weilersbach.de\/wordpress\/wp-json\/wp\/v2\/posts\/2465\/revisions"}],"predecessor-version":[{"id":2468,"href":"https:\/\/ffw-weilersbach.de\/wordpress\/wp-json\/wp\/v2\/posts\/2465\/revisions\/2468"}],"wp:attachment":[{"href":"https:\/\/ffw-weilersbach.de\/wordpress\/wp-json\/wp\/v2\/media?parent=2465"}],"wp:term":[{"taxonomy":"category","embeddable":true,"href":"https:\/\/ffw-weilersbach.de\/wordpress\/wp-json\/wp\/v2\/categories?post=2465"},{"taxonomy":"post_tag","embeddable":true,"href":"https:\/\/ffw-weilersbach.de\/wordpress\/wp-json\/wp\/v2\/tags?post=2465"}],"curies":[{"name":"wp","href":"https:\/\/api.w.org\/{rel}","templated":true}]}}