{"id":2003,"date":"2012-01-12T20:23:54","date_gmt":"2012-01-12T19:23:54","guid":{"rendered":"http:\/\/www.ffw-weilersbach.de\/wordpress\/?p=2003"},"modified":"2012-01-17T20:17:57","modified_gmt":"2012-01-17T19:17:57","slug":"bericht-vom-tag-der-feuerwehr-2012","status":"publish","type":"post","link":"https:\/\/ffw-weilersbach.de\/wordpress\/archive\/2003","title":{"rendered":"Bericht vom Tag der Feuerwehr 2012"},"content":{"rendered":"<blockquote>\n<div>Bericht aus dem Fr\u00e4nkischen Tag vom 12.01.2012<\/div>\n<\/blockquote>\n<div><\/div>\n<div><\/div>\n<h2><strong>Alle H\u00e4nde voll zu tun<\/strong><\/h2>\n<div><\/div>\n<div><\/div>\n<div>Bilanz\u00a0\u00a0Seit 40 Jahren bew\u00e4hrt sich Josef Hack bei den Eins\u00e4tzen der Weilersbacher Feuerwehr. 2011 stand im Zeichen des Hochwassers.<\/div>\n<p>Weilersbach &#8211; Einsatzbereitschaft, der Wille Menschen zu helfen sowie als Maschinist in der Feuerwehr t\u00e4tig zu sein &#8211; deshalb hat der damals 18-j\u00e4hrige Josef Hack zum Feuerwehrdienst \u201eja\u201c gesagt. Und Hack hat seine Entscheidung nie bereut. \u201eIch bin gerne bei der Feuerwehr, auch wenn ich berufsbedingt nicht mehr so viel Zeit habe.\u201c<\/p>\n<p>Jetzt haben ihn Vizelandrat Georg Lang (CSU) und Kreisbrandinspektor Georg Henkelf\u00fcr 40 Jahre aktiven Dienst in der Feuerwehr Weilersbach ausgezeichnet. Wer sich wie Josef Hack bei der Weilersbacher Feuerwehr engagiert, konnte sich auch im gerade abgelaufenen Jahr nicht \u00fcber zu wenig Arbeit beklagen: Die Feuerwehrler mussten sich in den zur\u00fcckliegenden zw\u00f6lf Monaten insgesamt 64 Mal bei Br\u00e4nden, Unf\u00e4llen und technischen Hilfeleistungen bew\u00e4hren. Das waren 38 Eins\u00e4tze mehr als im Vorjahr.<\/p>\n<p><strong>Weg f\u00fcr die vierte Halle ist frei<\/strong><\/p>\n<p>Die im Abstand gr\u00f6\u00dfte Bew\u00e4hrungsprobe war dabei das Hochwasser in Weilersbach: \u201eDa waren meine Leute fast rund um die Uhr st\u00e4ndig im Einsatz\u201c, erinnerte sich Wolfgang Wunner, Chef der Aktiven.<\/p>\n<p>Wunner bewegte aber noch etwas Anderes. Er forderte die Weilersbacher dazu auf, regelm\u00e4\u00dfig die \u00dcbungen zu besuchen. Immerhin st\u00fcnden im Feuerwehrger\u00e4tehaus Ger\u00e4tschaften im Neuwert von einer halben Million Euro.<\/p>\n<p>Ferner sollte die Weilersbacher Feuerwehr nach Wunners Wunsch auch den Bau einer vierten Ger\u00e4tehalle ins Auge fassen. In diesem Punkt will der Weilersbacher Gemeinderat der Feuerwehr auch entgegenkommen.<\/p>\n","protected":false},"excerpt":{"rendered":"<p>Bericht aus dem Fr\u00e4nkischen Tag vom 12.01.2012 Alle H\u00e4nde voll zu tun Bilanz\u00a0\u00a0Seit 40 Jahren bew\u00e4hrt sich Josef Hack bei den Eins\u00e4tzen der Weilersbacher Feuerwehr. 2011 stand im Zeichen des &hellip; <\/p>\n","protected":false},"author":1,"featured_media":0,"comment_status":"closed","ping_status":"closed","sticky":false,"template":"","format":"standard","meta":{"ngg_post_thumbnail":0,"footnotes":""},"categories":[1,10],"tags":[],"class_list":["post-2003","post","type-post","status-publish","format-standard","hentry","category-allgemein","category-verein"],"_links":{"self":[{"href":"https:\/\/ffw-weilersbach.de\/wordpress\/wp-json\/wp\/v2\/posts\/2003","targetHints":{"allow":["GET"]}}],"collection":[{"href":"https:\/\/ffw-weilersbach.de\/wordpress\/wp-json\/wp\/v2\/posts"}],"about":[{"href":"https:\/\/ffw-weilersbach.de\/wordpress\/wp-json\/wp\/v2\/types\/post"}],"author":[{"embeddable":true,"href":"https:\/\/ffw-weilersbach.de\/wordpress\/wp-json\/wp\/v2\/users\/1"}],"replies":[{"embeddable":true,"href":"https:\/\/ffw-weilersbach.de\/wordpress\/wp-json\/wp\/v2\/comments?post=2003"}],"version-history":[{"count":14,"href":"https:\/\/ffw-weilersbach.de\/wordpress\/wp-json\/wp\/v2\/posts\/2003\/revisions"}],"predecessor-version":[{"id":2024,"href":"https:\/\/ffw-weilersbach.de\/wordpress\/wp-json\/wp\/v2\/posts\/2003\/revisions\/2024"}],"wp:attachment":[{"href":"https:\/\/ffw-weilersbach.de\/wordpress\/wp-json\/wp\/v2\/media?parent=2003"}],"wp:term":[{"taxonomy":"category","embeddable":true,"href":"https:\/\/ffw-weilersbach.de\/wordpress\/wp-json\/wp\/v2\/categories?post=2003"},{"taxonomy":"post_tag","embeddable":true,"href":"https:\/\/ffw-weilersbach.de\/wordpress\/wp-json\/wp\/v2\/tags?post=2003"}],"curies":[{"name":"wp","href":"https:\/\/api.w.org\/{rel}","templated":true}]}}