{"id":1979,"date":"2012-01-03T08:05:18","date_gmt":"2012-01-03T07:05:18","guid":{"rendered":"http:\/\/www.ffw-weilersbach.de\/wordpress\/?p=1979"},"modified":"2012-01-03T08:05:18","modified_gmt":"2012-01-03T07:05:18","slug":"einladung-zum-%e2%80%9etag-der-feuerwehr-2012","status":"publish","type":"post","link":"https:\/\/ffw-weilersbach.de\/wordpress\/archive\/1979","title":{"rendered":"Einladung zum \u201eTag der Feuerwehr 2012"},"content":{"rendered":"<p>Nach alter Tradition findet am Samstag \/ Sonntag 07.\/08. Januar 2012 der diesj\u00e4hrige &#8222;Tag der Feuerwehr&#8220; statt.<br \/>\nHierzu ergeht an alle freundliche Einladung. S\u00e4mtliche Veranstaltungen finden im Gasthaus Sch\u00fctz statt und werden p\u00fcnktlich beginnen.<\/p>\n<p><strong><ins datetime=\"2012-01-03T07:03:10+00:00\">P R O G R A M M :<\/ins><\/strong><\/p>\n<p><strong>Samstag: 07. Januar 2012: <\/strong><br \/>\n19.00 Uhr Unterhaltungsabend mit Tombola &#8211; Versteigerung<\/p>\n<p><strong>Sonntag: 08. Januar 2012: <\/strong><br \/>\n8.30 Uhr Kirchenparade ab Feuerwehrhaus mit den Weilersbacher Musikanten<br \/>\n9.00 Uhr Gottesdienst in St. Anna f\u00fcr die lebenden und verstorbenen Mitglieder<br \/>\nAnschlie\u00dfend Fr\u00fchschoppen mit den Weilersbacher Musikanten<br \/>\n15.00 Uhr Dienst- und Generalversammlung<br \/>\nI. Er\u00f6ffnung durch den Vorstand<br \/>\nII. Totengedenken<br \/>\nIII. Protokollverlesung<\/p>\n<p>Dienstversammlung:<br \/>\n1. Begr\u00fc\u00dfung und Leitung durch den B\u00fcrgermeister<br \/>\n2. Berichte:<br \/>\na) Kommandant<br \/>\nb) Atemschutzwart<br \/>\nc) Jugendwart<br \/>\nd) Ger\u00e4tewart<br \/>\n3. Aufnahme von Feuerwehranw\u00e4rtern<br \/>\n4. Gru\u00dfworte der Landkreisvertreter und anwesenden G\u00e4ste<br \/>\n5. Ehrung aktiver Kameraden<br \/>\n6. W\u00fcnsche und Antr\u00e4ge<\/p>\n<p>Jahreshauptversammlung:<br \/>\n1. Berichte der Vorstandschaft<br \/>\na) 1. Vorsitzender<br \/>\nb) Schriftf\u00fchrerin<br \/>\nc) Kassier<br \/>\n2. Entlastung \/ Kassenpr\u00fcfer<br \/>\n3. Ehrung von passiven Mitgliedern<br \/>\n4. W\u00fcnsche und Antr\u00e4ge <\/p>\n<p>Am Samstag sind zum Unterhaltungsabend alle Mitglieder mit Freunden und Angeh\u00f6rigen sowie die gesamte Bev\u00f6lkerung herzlich eingeladen.<br \/>\nAuch am Sonntag sind alle Mitglieder (Aktive in Uniform) zur Kirchenparade und zur Dienst- und Generalversammlung recht herzlich eingeladen.<\/p>\n<p>Mit freundlichen Gr\u00fc\u00dfen<\/p>\n<p>Gerhard Amon<br \/>\nErster B\u00fcrgermeister    <\/p>\n<p>Michael W\u00f6lker<br \/>\nErster Vorsitzender<\/p>\n","protected":false},"excerpt":{"rendered":"<p>Nach alter Tradition findet am Samstag \/ Sonntag 07.\/08. Januar 2012 der diesj\u00e4hrige &#8222;Tag der Feuerwehr&#8220; statt. Hierzu ergeht an alle freundliche Einladung. S\u00e4mtliche Veranstaltungen finden im Gasthaus Sch\u00fctz statt &hellip; <\/p>\n","protected":false},"author":6,"featured_media":0,"comment_status":"closed","ping_status":"closed","sticky":false,"template":"","format":"standard","meta":{"ngg_post_thumbnail":0,"footnotes":""},"categories":[1,10],"tags":[],"class_list":["post-1979","post","type-post","status-publish","format-standard","hentry","category-allgemein","category-verein"],"_links":{"self":[{"href":"https:\/\/ffw-weilersbach.de\/wordpress\/wp-json\/wp\/v2\/posts\/1979","targetHints":{"allow":["GET"]}}],"collection":[{"href":"https:\/\/ffw-weilersbach.de\/wordpress\/wp-json\/wp\/v2\/posts"}],"about":[{"href":"https:\/\/ffw-weilersbach.de\/wordpress\/wp-json\/wp\/v2\/types\/post"}],"author":[{"embeddable":true,"href":"https:\/\/ffw-weilersbach.de\/wordpress\/wp-json\/wp\/v2\/users\/6"}],"replies":[{"embeddable":true,"href":"https:\/\/ffw-weilersbach.de\/wordpress\/wp-json\/wp\/v2\/comments?post=1979"}],"version-history":[{"count":19,"href":"https:\/\/ffw-weilersbach.de\/wordpress\/wp-json\/wp\/v2\/posts\/1979\/revisions"}],"predecessor-version":[{"id":1998,"href":"https:\/\/ffw-weilersbach.de\/wordpress\/wp-json\/wp\/v2\/posts\/1979\/revisions\/1998"}],"wp:attachment":[{"href":"https:\/\/ffw-weilersbach.de\/wordpress\/wp-json\/wp\/v2\/media?parent=1979"}],"wp:term":[{"taxonomy":"category","embeddable":true,"href":"https:\/\/ffw-weilersbach.de\/wordpress\/wp-json\/wp\/v2\/categories?post=1979"},{"taxonomy":"post_tag","embeddable":true,"href":"https:\/\/ffw-weilersbach.de\/wordpress\/wp-json\/wp\/v2\/tags?post=1979"}],"curies":[{"name":"wp","href":"https:\/\/api.w.org\/{rel}","templated":true}]}}