{"id":1695,"date":"2011-05-18T14:08:48","date_gmt":"2011-05-18T13:08:48","guid":{"rendered":"http:\/\/www.ffw-weilersbach.de\/wordpress\/?p=1695"},"modified":"2011-05-18T21:11:16","modified_gmt":"2011-05-18T20:11:16","slug":"spalierstehen","status":"publish","type":"post","link":"https:\/\/ffw-weilersbach.de\/wordpress\/archive\/1695","title":{"rendered":"Spalierstehen"},"content":{"rendered":"<p>Am Samstag schlie\u00dft unser 2.Kdt. den Bund f\u00fcrs Leben. Wir treffen uns zum Spalierstehen in Uniform um 12.30 Uhr am Feuerwehrger\u00e4tehaus.<\/p>\n","protected":false},"excerpt":{"rendered":"<p>Am Samstag schlie\u00dft unser 2.Kdt. den Bund f\u00fcrs Leben. Wir treffen uns zum Spalierstehen in Uniform um 12.30 Uhr am Feuerwehrger\u00e4tehaus.<\/p>\n","protected":false},"author":5,"featured_media":0,"comment_status":"closed","ping_status":"closed","sticky":false,"template":"","format":"standard","meta":{"ngg_post_thumbnail":0,"footnotes":""},"categories":[10],"tags":[],"class_list":["post-1695","post","type-post","status-publish","format-standard","hentry","category-verein"],"_links":{"self":[{"href":"https:\/\/ffw-weilersbach.de\/wordpress\/wp-json\/wp\/v2\/posts\/1695","targetHints":{"allow":["GET"]}}],"collection":[{"href":"https:\/\/ffw-weilersbach.de\/wordpress\/wp-json\/wp\/v2\/posts"}],"about":[{"href":"https:\/\/ffw-weilersbach.de\/wordpress\/wp-json\/wp\/v2\/types\/post"}],"author":[{"embeddable":true,"href":"https:\/\/ffw-weilersbach.de\/wordpress\/wp-json\/wp\/v2\/users\/5"}],"replies":[{"embeddable":true,"href":"https:\/\/ffw-weilersbach.de\/wordpress\/wp-json\/wp\/v2\/comments?post=1695"}],"version-history":[{"count":3,"href":"https:\/\/ffw-weilersbach.de\/wordpress\/wp-json\/wp\/v2\/posts\/1695\/revisions"}],"predecessor-version":[{"id":1699,"href":"https:\/\/ffw-weilersbach.de\/wordpress\/wp-json\/wp\/v2\/posts\/1695\/revisions\/1699"}],"wp:attachment":[{"href":"https:\/\/ffw-weilersbach.de\/wordpress\/wp-json\/wp\/v2\/media?parent=1695"}],"wp:term":[{"taxonomy":"category","embeddable":true,"href":"https:\/\/ffw-weilersbach.de\/wordpress\/wp-json\/wp\/v2\/categories?post=1695"},{"taxonomy":"post_tag","embeddable":true,"href":"https:\/\/ffw-weilersbach.de\/wordpress\/wp-json\/wp\/v2\/tags?post=1695"}],"curies":[{"name":"wp","href":"https:\/\/api.w.org\/{rel}","templated":true}]}}