{"id":1539,"date":"2011-02-03T06:33:27","date_gmt":"2011-02-03T05:33:27","guid":{"rendered":"http:\/\/www.ffw-weilersbach.de\/wordpress\/?p=1539"},"modified":"2011-02-03T18:27:35","modified_gmt":"2011-02-03T17:27:35","slug":"bericht-der-jahreshauptversammlung-vom-9-januar","status":"publish","type":"post","link":"https:\/\/ffw-weilersbach.de\/wordpress\/archive\/1539","title":{"rendered":"Bericht der Jahreshauptversammlung vom 9. Januar"},"content":{"rendered":"<p><strong>Jahreshauptversammlung mit Ehrungen bei der Feuerwehr Weilersbach<\/strong><\/p>\n<p>Der Neue ist der Alte. Wolfgang Wunner wurde bei der Dienst- und Jahreshauptversammlung als Erster Kommandant der Freiwilligen Feuerwehr wiedergew\u00e4lt. Seine Amtszeit reicht bis in das Jahr 2017. Kommandant Wunner zog bei der Versammlung, die heuer erstmals im Feuerwehrhaus stattfand, Bilanz: 26 Mal ist die Feuerwehr 2010 ausger\u00fcckt.  Die harmloseren Eins\u00e4tze waren Sicherheitswachen. Doch darunter waren auch zwei Br\u00e4nde und \u00fcberwiegend KFZ-Unf\u00e4lle.  Doch auch au\u00dferhalb der Notf\u00e4lle hatten die Brandsch\u00fctzer gut zu tun. Sie absolvierten 18 Zug\u00fcbungen, 8 Atemschutz\u00fcbungen, 130 Stunden f\u00fcr Ger\u00e4tewartung, 10 \u00dcbungen der Bambini-Gruppe, die im Aufwind ist, sowie eine ausgezeichnete Jugendarbeit. Ausserdem wurden 32 wichtige Termine wahrgenommen und an 14 Lehrg\u00e4ngen teilgenommen. Landrat Reinhardt Glauber sowie B\u00fcrgermeister Gerhard Amon und Kreisbrandinspektor Georg Henkel wissen den Einsatz der Feuerwehr im Dienst der B\u00fcrger zu sch\u00e4tzen. \u201eMacht weiter so, ihr macht es nicht f\u00fcr euch, sondern f\u00fcr die Allgemeinheit, das ist hoch anzurechnen\u201c baten sie. Und Landrat Glauber nannte die Weilersbacher Wehr \u201eeinen Eckpfeiler auf Kreisebene\u201c. Derzeit z\u00e4hlt die Weilersbacher Wehr 352 Mitglieder. 74 befinden sich im aktiven Dienst, dazu eine Jugendgruppe mit 20 Aktiven.<br \/>\nAus dem aktiven Dienst wurde nach 45 Jahren Michael Striegel entlassen. F\u00fcr die Wehr war er wie Wunner betonte, ein besonderer Mensch. Er ist der erste, der bis zu 63 Jahren aktiven Dienst leistete. In seinem Bericht bezeichnete Kommandant Wunner die Inbetriebnahme des neuen LF 20\/16 als einen \u201egro\u00dfen Meilenstein in der Geschichte der Weilersbacher Feuerwehr\u201c. Passend zur Einf\u00fchrung der Integrierten Leitstelle ersetzt dieses LF 20 ein 27 Jahre altes Bundfahrzeug. Auch eine wichtige Anschaffung konnte dank der Initiative von Vorsitzendem Michael W\u00f6lker und Adjutant Michael Henkel erm\u00f6glicht werden: Eine nagelneue W\u00e4rmebildkamera. Ferner informierte Wunner dar\u00fcber, dass ab dem Jahr 2011 s\u00e4mtliche kostenpflichtige Eins\u00e4tze der Feuerwehr an die Verwaltung weitergeleitet werden und die Rechnungstellung von der Gemeinde \u00fcber die Verwaltungsgemeinschaft erledigt wird. F\u00fcr was Wunner jedoch stets k\u00e4mpft: Den Stellenwert der Feuerwehr nicht zu schm\u00e4lern. \u201eWer riskiert denn seine Gesundheit und seinen Arbeitsplatz, nur um anderen zu helfen?\u201c gab er zu bedenken. \u201eEs sind die Freiwilligen Feuerwehren, die engagiert ihre Freizeit f\u00fcr die Sicherheit der B\u00fcrger zur Verf\u00fcgung stellen\u201c. Die Weilersbacher Wehr pflegt aber auch ihr Vereinsleben und ihre Finanzen sind in Ordnung wie der R\u00fcckschau von Vorsitzendem Michael W\u00f6lker und dem Kassenbericht von Christopher Gelbhardt zu  entnehmen war. Neben zahlreichen Terminen und Festen war die Einweihung des LF 20 zweifelsohne der H\u00f6hepunkt 2010. Was f\u00fcr 2011 geplant ist: Eine Tages-Skifahrt am 26. Februar, am 25.\/26. Juni Sommerfest, am 05. November Schlachtfest und eventuell ein Vereinsausflug.<\/p>\n<p><strong>Ehrungen und Bef\u00f6rderungen gab es auch:<\/strong><br \/>\n<strong><em>Aktiver Dienst:<\/em><\/strong> Landrat Glauber zeichnete f\u00fcr 40 Jahre Clemens Seiler und f\u00fcr  25 Jahre Josef Gath, Manfred Tenta und Thomas Wunner aus.<br \/>\n<strong><em>Bef\u00f6rderungen: <\/em><\/strong> Zu L\u00f6schmeistern wurden Markus Friedel, Christopher     Gelbhardt, Stephan Hack und Mario Finze ernannt.<br \/>\n<strong><em>Mitgliedschaft:<\/em><\/strong> Vorsitzender W\u00f6lker ehrte f\u00fcr 40 Jahre Gerhard Hofmann und Heinrich Knauer; f\u00fcr 25 Jahre Michael Amon, Walter Eckert, Alfred Hubert, Stefan Pfeufer und Stefan R\u00f6\u00dfler<\/p>\n","protected":false},"excerpt":{"rendered":"<p>Jahreshauptversammlung mit Ehrungen bei der Feuerwehr Weilersbach Der Neue ist der Alte. Wolfgang Wunner wurde bei der Dienst- und Jahreshauptversammlung als Erster Kommandant der Freiwilligen Feuerwehr wiedergew\u00e4lt. Seine Amtszeit reicht &hellip; <\/p>\n","protected":false},"author":6,"featured_media":0,"comment_status":"closed","ping_status":"closed","sticky":false,"template":"","format":"standard","meta":{"ngg_post_thumbnail":0,"footnotes":""},"categories":[1,10],"tags":[],"class_list":["post-1539","post","type-post","status-publish","format-standard","hentry","category-allgemein","category-verein"],"_links":{"self":[{"href":"https:\/\/ffw-weilersbach.de\/wordpress\/wp-json\/wp\/v2\/posts\/1539","targetHints":{"allow":["GET"]}}],"collection":[{"href":"https:\/\/ffw-weilersbach.de\/wordpress\/wp-json\/wp\/v2\/posts"}],"about":[{"href":"https:\/\/ffw-weilersbach.de\/wordpress\/wp-json\/wp\/v2\/types\/post"}],"author":[{"embeddable":true,"href":"https:\/\/ffw-weilersbach.de\/wordpress\/wp-json\/wp\/v2\/users\/6"}],"replies":[{"embeddable":true,"href":"https:\/\/ffw-weilersbach.de\/wordpress\/wp-json\/wp\/v2\/comments?post=1539"}],"version-history":[{"count":14,"href":"https:\/\/ffw-weilersbach.de\/wordpress\/wp-json\/wp\/v2\/posts\/1539\/revisions"}],"predecessor-version":[{"id":1553,"href":"https:\/\/ffw-weilersbach.de\/wordpress\/wp-json\/wp\/v2\/posts\/1539\/revisions\/1553"}],"wp:attachment":[{"href":"https:\/\/ffw-weilersbach.de\/wordpress\/wp-json\/wp\/v2\/media?parent=1539"}],"wp:term":[{"taxonomy":"category","embeddable":true,"href":"https:\/\/ffw-weilersbach.de\/wordpress\/wp-json\/wp\/v2\/categories?post=1539"},{"taxonomy":"post_tag","embeddable":true,"href":"https:\/\/ffw-weilersbach.de\/wordpress\/wp-json\/wp\/v2\/tags?post=1539"}],"curies":[{"name":"wp","href":"https:\/\/api.w.org\/{rel}","templated":true}]}}