{"id":1428,"date":"2010-11-13T14:00:25","date_gmt":"2010-11-13T13:00:25","guid":{"rendered":"http:\/\/www.ffw-weilersbach.de\/wordpress\/?p=1428"},"modified":"2010-11-21T11:59:07","modified_gmt":"2010-11-21T10:59:07","slug":"jahresabschluss-atemschutz","status":"publish","type":"post","link":"https:\/\/ffw-weilersbach.de\/wordpress\/archive\/1428","title":{"rendered":"Jahresabschluss Atemschutz"},"content":{"rendered":"<p>Die diesj\u00e4hre Abschluss\u00fcbung der Atemschutzger\u00e4tetr\u00e4ger findet am Freitag, den 19. Noveber statt!<\/p>\n<p>Treffpunkt ist p\u00fcnktlich um 17.30 Uhr am Feuerwehrger\u00e4tehaus. Wie in der letzten \u00dcbung vereinbart, gehen wir zum Fu\u00dfballspielen in die Indoor-Soccer-Halle nach Forchheim. Im Anschluss gibt es noch eine gem\u00fctliche Zusammenkunft.<\/p>\n<p><strong>Treffpunkt: \tFeuerwehrhaus<br \/>\nWann: \t\tFreitag, 19. Nov. 2010<br \/>\nUhrzeit: \t\t17:30 Uhr<\/strong><\/p>\n<p>Es w\u00e4re sch\u00f6n, wenn m\u00f6glichst viele Kameraden teilnehmen.<\/p>\n<p>Sollte jemand nicht teilnehmen k\u00f6nnen, sagt unter Tel. 0173\/25 38 942 bitte Bescheid.<\/p>\n","protected":false},"excerpt":{"rendered":"<p>Die diesj\u00e4hre Abschluss\u00fcbung der Atemschutzger\u00e4tetr\u00e4ger findet am Freitag, den 19. Noveber statt! Treffpunkt ist p\u00fcnktlich um 17.30 Uhr am Feuerwehrger\u00e4tehaus. Wie in der letzten \u00dcbung vereinbart, gehen wir zum Fu\u00dfballspielen &hellip; <\/p>\n","protected":false},"author":6,"featured_media":0,"comment_status":"closed","ping_status":"closed","sticky":false,"template":"","format":"standard","meta":{"ngg_post_thumbnail":0,"footnotes":""},"categories":[4],"tags":[],"class_list":["post-1428","post","type-post","status-publish","format-standard","hentry","category-atemschutz"],"_links":{"self":[{"href":"https:\/\/ffw-weilersbach.de\/wordpress\/wp-json\/wp\/v2\/posts\/1428","targetHints":{"allow":["GET"]}}],"collection":[{"href":"https:\/\/ffw-weilersbach.de\/wordpress\/wp-json\/wp\/v2\/posts"}],"about":[{"href":"https:\/\/ffw-weilersbach.de\/wordpress\/wp-json\/wp\/v2\/types\/post"}],"author":[{"embeddable":true,"href":"https:\/\/ffw-weilersbach.de\/wordpress\/wp-json\/wp\/v2\/users\/6"}],"replies":[{"embeddable":true,"href":"https:\/\/ffw-weilersbach.de\/wordpress\/wp-json\/wp\/v2\/comments?post=1428"}],"version-history":[{"count":6,"href":"https:\/\/ffw-weilersbach.de\/wordpress\/wp-json\/wp\/v2\/posts\/1428\/revisions"}],"predecessor-version":[{"id":1450,"href":"https:\/\/ffw-weilersbach.de\/wordpress\/wp-json\/wp\/v2\/posts\/1428\/revisions\/1450"}],"wp:attachment":[{"href":"https:\/\/ffw-weilersbach.de\/wordpress\/wp-json\/wp\/v2\/media?parent=1428"}],"wp:term":[{"taxonomy":"category","embeddable":true,"href":"https:\/\/ffw-weilersbach.de\/wordpress\/wp-json\/wp\/v2\/categories?post=1428"},{"taxonomy":"post_tag","embeddable":true,"href":"https:\/\/ffw-weilersbach.de\/wordpress\/wp-json\/wp\/v2\/tags?post=1428"}],"curies":[{"name":"wp","href":"https:\/\/api.w.org\/{rel}","templated":true}]}}