{"id":1351,"date":"2010-10-28T10:10:22","date_gmt":"2010-10-28T09:10:22","guid":{"rendered":"http:\/\/www.ffw-weilersbach.de\/wordpress\/?p=1351"},"modified":"2010-11-10T15:03:49","modified_gmt":"2010-11-10T14:03:49","slug":"bericht-leistungsprufung-23-okt-2010","status":"publish","type":"post","link":"https:\/\/ffw-weilersbach.de\/wordpress\/archive\/1351","title":{"rendered":"Bericht Leistungspr\u00fcfung, 23. Okt. 2010"},"content":{"rendered":"<p><em>Bereicht im FT, vom 26. Oktober 2010<\/em><\/p>\n<blockquote><p><strong>Sie haben die Technik im Griff<\/strong><\/p>\n<p>Weilersbach \u2013 \u201eHart ge\u00fcbt haben wir\u201c, lautete das Fazit der Teilnehmer. Vier Feuerwehrfrauen und elf Feuerwehrm\u00e4nner sowie Ausbilder Adjutant Michael Henkel von der Feuerwehr Weilersbach hatten sich intensiv auf die Pr\u00fcfung zur Technischen Hilfeleistung vorbereitet. <\/p>\n<p>Erstmals z\u00e4hlten dabei die neuesten Richtlinien. Wie Adjutant Henkel betonte, se es f\u00fcr ihn besonders wichtig, \u201edass die Mannschaft jederzeit einsatzbereit sei, sich an den Ger\u00e4ten auskenne und die Leute daran Freude haben, mit der neusten Technik umzugehen\u201c. Ihre M\u00fche hat sich allemal gelohnt.<br \/>\nDas Erlernte wurde perfekt vorgef\u00fchrt. Die Pr\u00fcfungsaufgaben waren: eine bei einem Verkehrsunfall eingeklemmte Person mittels Rettungsschere und Rettungsspreizer zu befreien, eine Unfallstelle zu beleuchten sowie Ger\u00e4tekunde und Erste Hilfe. Die zwei Gruppen bestanden sie in einer Bestzeit mit \u201enull Fehler\u201c. <\/p>\n<p>Vom den Schiedsrichtern Kreisbrandinspektor Georg Henkel und den Kreisbrandmeistern Wolfgang Wunner und Roland Br\u00fctting erhielten im Beisein von B\u00fcrgermeister Gerhard Amon das Abzeichen in Bronze Anna hack, das Abzeichen in Silber Christopher Amon, Matthias D\u00f6tzer, Josef Gath, Benjamin Striegel, Joachim hack und Carola Gath. Gold bekamen Markus Friedel, Stefan Hack, Stefan Roppelt, Mario Finze, Franz Roppelt, markus Amon, Alexandra krause und Uli Schriefer.\n<\/p><\/blockquote>\n<p align=\"center\">\n<a href=\"http:\/\/www.ffw-weilersbach.de\/wordpress\/wp-content\/FFW-Weilersbach-Leistungspr\u00fcfung-Oktober-2010-001.jpg\"><img loading=\"lazy\" decoding=\"async\" src=\"http:\/\/www.ffw-weilersbach.de\/wordpress\/wp-content\/FFW-Weilersbach-Leistungspr\u00fcfung-Oktober-2010-001-300x225.jpg\" alt=\"\" title=\"MINOLTA DIGITAL CAMERA\" width=\"300\" height=\"225\" class=\"aligncenter size-medium wp-image-1410\" \/><\/a><\/p>\n<p align=\"center\">\n<a href=\"http:\/\/www.ffw-weilersbach.de\/wordpress\/wp-content\/FFW-Weilersbach-Leistungspr\u00fcfung-Oktober-2010-003.jpg\"><img loading=\"lazy\" decoding=\"async\" src=\"http:\/\/www.ffw-weilersbach.de\/wordpress\/wp-content\/FFW-Weilersbach-Leistungspr\u00fcfung-Oktober-2010-003-300x225.jpg\" alt=\"\" title=\"MINOLTA DIGITAL CAMERA\" width=\"300\" height=\"225\" class=\"aligncenter size-medium wp-image-1411\" \/><\/a><\/p>\n","protected":false},"excerpt":{"rendered":"<p>Bereicht im FT, vom 26. Oktober 2010 Sie haben die Technik im Griff Weilersbach \u2013 \u201eHart ge\u00fcbt haben wir\u201c, lautete das Fazit der Teilnehmer. Vier Feuerwehrfrauen und elf Feuerwehrm\u00e4nner sowie &hellip; <\/p>\n","protected":false},"author":6,"featured_media":0,"comment_status":"closed","ping_status":"closed","sticky":false,"template":"","format":"standard","meta":{"ngg_post_thumbnail":0,"footnotes":""},"categories":[1,5],"tags":[],"class_list":["post-1351","post","type-post","status-publish","format-standard","hentry","category-allgemein","category-leistungspruefung"],"_links":{"self":[{"href":"https:\/\/ffw-weilersbach.de\/wordpress\/wp-json\/wp\/v2\/posts\/1351","targetHints":{"allow":["GET"]}}],"collection":[{"href":"https:\/\/ffw-weilersbach.de\/wordpress\/wp-json\/wp\/v2\/posts"}],"about":[{"href":"https:\/\/ffw-weilersbach.de\/wordpress\/wp-json\/wp\/v2\/types\/post"}],"author":[{"embeddable":true,"href":"https:\/\/ffw-weilersbach.de\/wordpress\/wp-json\/wp\/v2\/users\/6"}],"replies":[{"embeddable":true,"href":"https:\/\/ffw-weilersbach.de\/wordpress\/wp-json\/wp\/v2\/comments?post=1351"}],"version-history":[{"count":20,"href":"https:\/\/ffw-weilersbach.de\/wordpress\/wp-json\/wp\/v2\/posts\/1351\/revisions"}],"predecessor-version":[{"id":1414,"href":"https:\/\/ffw-weilersbach.de\/wordpress\/wp-json\/wp\/v2\/posts\/1351\/revisions\/1414"}],"wp:attachment":[{"href":"https:\/\/ffw-weilersbach.de\/wordpress\/wp-json\/wp\/v2\/media?parent=1351"}],"wp:term":[{"taxonomy":"category","embeddable":true,"href":"https:\/\/ffw-weilersbach.de\/wordpress\/wp-json\/wp\/v2\/categories?post=1351"},{"taxonomy":"post_tag","embeddable":true,"href":"https:\/\/ffw-weilersbach.de\/wordpress\/wp-json\/wp\/v2\/tags?post=1351"}],"curies":[{"name":"wp","href":"https:\/\/api.w.org\/{rel}","templated":true}]}}