{"id":13421,"date":"2025-06-02T16:49:06","date_gmt":"2025-06-02T14:49:06","guid":{"rendered":"https:\/\/ffw-weilersbach.de\/wordpress\/?p=13421"},"modified":"2025-06-02T18:55:08","modified_gmt":"2025-06-02T16:55:08","slug":"jugendolympiade-der-feuerwehren-des-landkreises-forchheim-in-weilersbach","status":"publish","type":"post","link":"https:\/\/ffw-weilersbach.de\/wordpress\/archive\/13421","title":{"rendered":"Jugendolympiade der Feuerwehren des Landkreises Forchheim in Weilersbach"},"content":{"rendered":"<p>Anl\u00e4sslich unseres 160-j\u00e4hrigen Jubil\u00e4ums fand am Samstag, den 24. Mai 2025, die Jugendolympiade der Feuerwehren des Landkreises Forchheim bei uns in Weilersbach statt. Bei bestem Wetter traten \u00fcber 250 Jugendliche in verschiedenen feuerwehrspezifischen \u00dcbungen gegeneinander an.<\/p>\n<p><img loading=\"lazy\" decoding=\"async\" class=\"aligncenter size-large wp-image-13424\" src=\"https:\/\/ffw-weilersbach.de\/wordpress\/wp-content\/uploads\/2025\/06\/501597698_18068707762988666_5523527535033974384_n-700x467.jpg\" alt=\"\" width=\"700\" height=\"467\" srcset=\"https:\/\/ffw-weilersbach.de\/wordpress\/wp-content\/uploads\/2025\/06\/501597698_18068707762988666_5523527535033974384_n-700x467.jpg 700w, https:\/\/ffw-weilersbach.de\/wordpress\/wp-content\/uploads\/2025\/06\/501597698_18068707762988666_5523527535033974384_n-300x200.jpg 300w, https:\/\/ffw-weilersbach.de\/wordpress\/wp-content\/uploads\/2025\/06\/501597698_18068707762988666_5523527535033974384_n-768x513.jpg 768w, https:\/\/ffw-weilersbach.de\/wordpress\/wp-content\/uploads\/2025\/06\/501597698_18068707762988666_5523527535033974384_n.jpg 1440w\" sizes=\"auto, (max-width: 700px) 100vw, 700px\" \/><\/p>\n<p>Unsere Weilersbacher Jugend war mit insgesamt sechs Gruppen am Start \u2013 so viele wie keine andere Wehr im Landkreis!<\/p>\n<p><img loading=\"lazy\" decoding=\"async\" class=\"aligncenter size-large wp-image-13425\" src=\"https:\/\/ffw-weilersbach.de\/wordpress\/wp-content\/uploads\/2025\/06\/501275505_18068707642988666_3884298035877575202_n-700x467.jpg\" alt=\"\" width=\"700\" height=\"467\" srcset=\"https:\/\/ffw-weilersbach.de\/wordpress\/wp-content\/uploads\/2025\/06\/501275505_18068707642988666_3884298035877575202_n-700x467.jpg 700w, https:\/\/ffw-weilersbach.de\/wordpress\/wp-content\/uploads\/2025\/06\/501275505_18068707642988666_3884298035877575202_n-300x200.jpg 300w, https:\/\/ffw-weilersbach.de\/wordpress\/wp-content\/uploads\/2025\/06\/501275505_18068707642988666_3884298035877575202_n-768x513.jpg 768w, https:\/\/ffw-weilersbach.de\/wordpress\/wp-content\/uploads\/2025\/06\/501275505_18068707642988666_3884298035877575202_n.jpg 1440w\" sizes=\"auto, (max-width: 700px) 100vw, 700px\" \/><\/p>\n<p>Mit gro\u00dfem Einsatz und Teamgeist konnten wir hervorragende Platzierungen erreichen: Die Gruppen belegten die Pl\u00e4tze 2, 4, 22, 35, 37 und 45 von insgesamt 68 teilnehmenden Teams. Besonders stolz sind wir darauf, dass sich zwei unserer Gruppen durch ihre Spitzenplatzierungen f\u00fcr den Bezirksjugendleistungsmarsch in Oberfranken qualifiziert haben. Wir sind sehr zufrieden mit dem Ergebnis und unglaublich stolz auf unseren engagierten Feuerwehrnachwuchs!<\/p>\n<p><img loading=\"lazy\" decoding=\"async\" class=\"aligncenter size-large wp-image-13427\" src=\"https:\/\/ffw-weilersbach.de\/wordpress\/wp-content\/uploads\/2025\/06\/500568765_1123862499780894_5409527039417641444_n-700x933.jpg\" alt=\"\" width=\"700\" height=\"933\" srcset=\"https:\/\/ffw-weilersbach.de\/wordpress\/wp-content\/uploads\/2025\/06\/500568765_1123862499780894_5409527039417641444_n-700x933.jpg 700w, https:\/\/ffw-weilersbach.de\/wordpress\/wp-content\/uploads\/2025\/06\/500568765_1123862499780894_5409527039417641444_n-225x300.jpg 225w, https:\/\/ffw-weilersbach.de\/wordpress\/wp-content\/uploads\/2025\/06\/500568765_1123862499780894_5409527039417641444_n-768x1024.jpg 768w, https:\/\/ffw-weilersbach.de\/wordpress\/wp-content\/uploads\/2025\/06\/500568765_1123862499780894_5409527039417641444_n-1152x1536.jpg 1152w, https:\/\/ffw-weilersbach.de\/wordpress\/wp-content\/uploads\/2025\/06\/500568765_1123862499780894_5409527039417641444_n.jpg 1536w\" sizes=\"auto, (max-width: 700px) 100vw, 700px\" \/><\/p>\n<p>&nbsp;<\/p>\n<p><img loading=\"lazy\" decoding=\"async\" class=\"aligncenter size-large wp-image-13426\" src=\"https:\/\/ffw-weilersbach.de\/wordpress\/wp-content\/uploads\/2025\/06\/500391563_1123861903114287_4609522934976455946_n-700x933.jpg\" alt=\"\" width=\"700\" height=\"933\" srcset=\"https:\/\/ffw-weilersbach.de\/wordpress\/wp-content\/uploads\/2025\/06\/500391563_1123861903114287_4609522934976455946_n-700x933.jpg 700w, https:\/\/ffw-weilersbach.de\/wordpress\/wp-content\/uploads\/2025\/06\/500391563_1123861903114287_4609522934976455946_n-225x300.jpg 225w, https:\/\/ffw-weilersbach.de\/wordpress\/wp-content\/uploads\/2025\/06\/500391563_1123861903114287_4609522934976455946_n-768x1024.jpg 768w, https:\/\/ffw-weilersbach.de\/wordpress\/wp-content\/uploads\/2025\/06\/500391563_1123861903114287_4609522934976455946_n-1152x1536.jpg 1152w, https:\/\/ffw-weilersbach.de\/wordpress\/wp-content\/uploads\/2025\/06\/500391563_1123861903114287_4609522934976455946_n.jpg 1536w\" sizes=\"auto, (max-width: 700px) 100vw, 700px\" \/><\/p>\n<p>Ein riesengro\u00dfer Dank geht an unsere Jugendwarte und Betreuer, die unsere Jugendlichen in den vergangenen Wochen intensiv vorbereitet und begleitet haben.<\/p>\n","protected":false},"excerpt":{"rendered":"<p>Anl\u00e4sslich unseres 160-j\u00e4hrigen Jubil\u00e4ums fand am Samstag, den 24. Mai 2025, die Jugendolympiade der Feuerwehren des Landkreises Forchheim bei uns in Weilersbach statt. Bei bestem Wetter traten \u00fcber 250 Jugendliche &hellip; <\/p>\n","protected":false},"author":1,"featured_media":13423,"comment_status":"closed","ping_status":"closed","sticky":false,"template":"","format":"standard","meta":{"ngg_post_thumbnail":0,"footnotes":""},"categories":[1,9],"tags":[],"class_list":["post-13421","post","type-post","status-publish","format-standard","has-post-thumbnail","hentry","category-allgemein","category-jugendfeuerwehr"],"_links":{"self":[{"href":"https:\/\/ffw-weilersbach.de\/wordpress\/wp-json\/wp\/v2\/posts\/13421","targetHints":{"allow":["GET"]}}],"collection":[{"href":"https:\/\/ffw-weilersbach.de\/wordpress\/wp-json\/wp\/v2\/posts"}],"about":[{"href":"https:\/\/ffw-weilersbach.de\/wordpress\/wp-json\/wp\/v2\/types\/post"}],"author":[{"embeddable":true,"href":"https:\/\/ffw-weilersbach.de\/wordpress\/wp-json\/wp\/v2\/users\/1"}],"replies":[{"embeddable":true,"href":"https:\/\/ffw-weilersbach.de\/wordpress\/wp-json\/wp\/v2\/comments?post=13421"}],"version-history":[{"count":4,"href":"https:\/\/ffw-weilersbach.de\/wordpress\/wp-json\/wp\/v2\/posts\/13421\/revisions"}],"predecessor-version":[{"id":13431,"href":"https:\/\/ffw-weilersbach.de\/wordpress\/wp-json\/wp\/v2\/posts\/13421\/revisions\/13431"}],"wp:featuredmedia":[{"embeddable":true,"href":"https:\/\/ffw-weilersbach.de\/wordpress\/wp-json\/wp\/v2\/media\/13423"}],"wp:attachment":[{"href":"https:\/\/ffw-weilersbach.de\/wordpress\/wp-json\/wp\/v2\/media?parent=13421"}],"wp:term":[{"taxonomy":"category","embeddable":true,"href":"https:\/\/ffw-weilersbach.de\/wordpress\/wp-json\/wp\/v2\/categories?post=13421"},{"taxonomy":"post_tag","embeddable":true,"href":"https:\/\/ffw-weilersbach.de\/wordpress\/wp-json\/wp\/v2\/tags?post=13421"}],"curies":[{"name":"wp","href":"https:\/\/api.w.org\/{rel}","templated":true}]}}