{"id":12640,"date":"2025-01-18T21:18:07","date_gmt":"2025-01-18T20:18:07","guid":{"rendered":"https:\/\/ffw-weilersbach.de\/wordpress\/?p=12640"},"modified":"2025-01-18T21:18:07","modified_gmt":"2025-01-18T20:18:07","slug":"bericht-von-der-dienst-und-generalversammlung-am-12-01-2025","status":"publish","type":"post","link":"https:\/\/ffw-weilersbach.de\/wordpress\/archive\/12640","title":{"rendered":"Bericht von der Dienst und Generalversammlung am 12.01.2025"},"content":{"rendered":"<div class=\"xdj266r x11i5rnm xat24cr x1mh8g0r x1vvkbs x126k92a\">\n<div dir=\"auto\">Am 12.01. 2025 um 15.00 Uhr fand unserere General- und die Dienstversammlung im Gasthaus Hubert statt. Wir durften unseren KBR Oliver Flake, KBI Wolfgang Wunner, KBM Andreas Schriefer, KBM Christian Wolfrum, sowie unsere drei B\u00fcrgermeister Marco Friepes, Roland Dauer und Michael Henkel (1. Kommandant) begr\u00fc\u00dfen. Nach der Begr\u00fc\u00dfung durch den 1. B\u00fcrgermeister begann die Dienstversammlung. So trugen unsere Kameraden und Kameradinnen ihre Berichte aus dem Jahr 2024 (Kommandant, Atemschutzwart, Ger\u00e4tewart, Jugendwart, Leitung Bambinigruppe, Drohnengruppe und 3. Zug (Hundestaffel) vor.<\/div>\n<div dir=\"auto\">&nbsp;<\/div>\n<div dir=\"auto\"><img loading=\"lazy\" decoding=\"async\" class=\"aligncenter size-large wp-image-12646\" src=\"https:\/\/ffw-weilersbach.de\/wordpress\/wp-content\/uploads\/2025\/01\/473330764_1020351660131979_5405785072149655342_n-700x933.jpg\" alt=\"\" width=\"700\" height=\"933\" srcset=\"https:\/\/ffw-weilersbach.de\/wordpress\/wp-content\/uploads\/2025\/01\/473330764_1020351660131979_5405785072149655342_n-700x933.jpg 700w, https:\/\/ffw-weilersbach.de\/wordpress\/wp-content\/uploads\/2025\/01\/473330764_1020351660131979_5405785072149655342_n-225x300.jpg 225w, https:\/\/ffw-weilersbach.de\/wordpress\/wp-content\/uploads\/2025\/01\/473330764_1020351660131979_5405785072149655342_n-768x1024.jpg 768w, https:\/\/ffw-weilersbach.de\/wordpress\/wp-content\/uploads\/2025\/01\/473330764_1020351660131979_5405785072149655342_n-1152x1536.jpg 1152w, https:\/\/ffw-weilersbach.de\/wordpress\/wp-content\/uploads\/2025\/01\/473330764_1020351660131979_5405785072149655342_n.jpg 1536w\" sizes=\"auto, (max-width: 700px) 100vw, 700px\" \/><\/div>\n<div dir=\"auto\">&nbsp;<\/div>\n<div dir=\"auto\">Anschlie\u00dfend nahm unser 1. Kommandant Michael Henkel f\u00fcnf neue Jugendliche bei uns in der Jugendfeuerwehr auf!<span class=\"html-span xexx8yu x4uap5 x18d9i69 xkhd6sd x1hl2dhg x16tdsg8 x1vvkbs x3nfvp2 x1j61x8r x1fcty0u xdj266r xat24cr xgzva0m xhhsvwb xxymvpz xlup9mm x1kky2od\"><img loading=\"lazy\" decoding=\"async\" class=\"xz74otr\" src=\"https:\/\/static.xx.fbcdn.net\/images\/emoji.php\/v9\/tfe\/1\/16\/1f44f.png\" alt=\"?\" width=\"16\" height=\"16\"\/><\/span><span class=\"html-span xexx8yu x4uap5 x18d9i69 xkhd6sd x1hl2dhg x16tdsg8 x1vvkbs x3nfvp2 x1j61x8r x1fcty0u xdj266r xat24cr xgzva0m xhhsvwb xxymvpz xlup9mm x1kky2od\"><img loading=\"lazy\" decoding=\"async\" class=\"xz74otr\" src=\"https:\/\/static.xx.fbcdn.net\/images\/emoji.php\/v9\/t6c\/1\/16\/1f4aa.png\" alt=\"?\" width=\"16\" height=\"16\"\/><\/span><\/div>\n<\/div>\n<div dir=\"auto\">&nbsp;<\/div>\n<div class=\"xdj266r x11i5rnm xat24cr x1mh8g0r x1vvkbs x126k92a\">\n<div dir=\"auto\"><img loading=\"lazy\" decoding=\"async\" class=\"aligncenter size-large wp-image-12649\" src=\"https:\/\/ffw-weilersbach.de\/wordpress\/wp-content\/uploads\/2025\/01\/473180412_1020351233465355_2944788790552723229_n-700x525.jpg\" alt=\"\" width=\"700\" height=\"525\" srcset=\"https:\/\/ffw-weilersbach.de\/wordpress\/wp-content\/uploads\/2025\/01\/473180412_1020351233465355_2944788790552723229_n-700x525.jpg 700w, https:\/\/ffw-weilersbach.de\/wordpress\/wp-content\/uploads\/2025\/01\/473180412_1020351233465355_2944788790552723229_n-300x225.jpg 300w, https:\/\/ffw-weilersbach.de\/wordpress\/wp-content\/uploads\/2025\/01\/473180412_1020351233465355_2944788790552723229_n-768x576.jpg 768w, https:\/\/ffw-weilersbach.de\/wordpress\/wp-content\/uploads\/2025\/01\/473180412_1020351233465355_2944788790552723229_n-1536x1152.jpg 1536w, https:\/\/ffw-weilersbach.de\/wordpress\/wp-content\/uploads\/2025\/01\/473180412_1020351233465355_2944788790552723229_n.jpg 2048w\" sizes=\"auto, (max-width: 700px) 100vw, 700px\" \/><\/div>\n<div dir=\"auto\">&nbsp;<\/div>\n<div dir=\"auto\">Des weiteren wurden durch unseren 1. Kommandanten Patrick Wunner zum L\u00f6schmeister und Lorena Schriefer zur L\u00f6schmeisterin bef\u00f6rdert.<\/div>\n<\/div>\n<div class=\"x11i5rnm xat24cr x1mh8g0r x1vvkbs xtlvy1s x126k92a\">\n<div dir=\"auto\">&nbsp;<\/div>\n<div dir=\"auto\"><img loading=\"lazy\" decoding=\"async\" class=\"aligncenter size-large wp-image-12642\" src=\"https:\/\/ffw-weilersbach.de\/wordpress\/wp-content\/uploads\/2025\/01\/473066913_1020351596798652_1652554099138903467_n-700x933.jpg\" alt=\"\" width=\"700\" height=\"933\" srcset=\"https:\/\/ffw-weilersbach.de\/wordpress\/wp-content\/uploads\/2025\/01\/473066913_1020351596798652_1652554099138903467_n-700x933.jpg 700w, https:\/\/ffw-weilersbach.de\/wordpress\/wp-content\/uploads\/2025\/01\/473066913_1020351596798652_1652554099138903467_n-225x300.jpg 225w, https:\/\/ffw-weilersbach.de\/wordpress\/wp-content\/uploads\/2025\/01\/473066913_1020351596798652_1652554099138903467_n-768x1024.jpg 768w, https:\/\/ffw-weilersbach.de\/wordpress\/wp-content\/uploads\/2025\/01\/473066913_1020351596798652_1652554099138903467_n-1152x1536.jpg 1152w, https:\/\/ffw-weilersbach.de\/wordpress\/wp-content\/uploads\/2025\/01\/473066913_1020351596798652_1652554099138903467_n.jpg 1536w\" sizes=\"auto, (max-width: 700px) 100vw, 700px\" \/><\/div>\n<div dir=\"auto\">&nbsp;<\/div>\n<div dir=\"auto\">Nach einer kurzen Pause er\u00f6ffnete unser 1. Vorstand Stephan Hack die Generalversammlung und berichtete \u00fcber das Vereinsjahr 2024 und gab einen Einblick in das anstehende Festjahr 2025.<\/div>\n<\/div>\n<div dir=\"auto\">&nbsp;<\/div>\n<div dir=\"auto\"><img loading=\"lazy\" decoding=\"async\" class=\"aligncenter size-large wp-image-12643\" src=\"https:\/\/ffw-weilersbach.de\/wordpress\/wp-content\/uploads\/2025\/01\/473130114_1020356480131497_2320918212760715253_n-700x933.jpg\" alt=\"\" width=\"700\" height=\"933\" srcset=\"https:\/\/ffw-weilersbach.de\/wordpress\/wp-content\/uploads\/2025\/01\/473130114_1020356480131497_2320918212760715253_n-700x933.jpg 700w, https:\/\/ffw-weilersbach.de\/wordpress\/wp-content\/uploads\/2025\/01\/473130114_1020356480131497_2320918212760715253_n-225x300.jpg 225w, https:\/\/ffw-weilersbach.de\/wordpress\/wp-content\/uploads\/2025\/01\/473130114_1020356480131497_2320918212760715253_n-768x1024.jpg 768w, https:\/\/ffw-weilersbach.de\/wordpress\/wp-content\/uploads\/2025\/01\/473130114_1020356480131497_2320918212760715253_n-1152x1536.jpg 1152w, https:\/\/ffw-weilersbach.de\/wordpress\/wp-content\/uploads\/2025\/01\/473130114_1020356480131497_2320918212760715253_n.jpg 1536w\" sizes=\"auto, (max-width: 700px) 100vw, 700px\" \/><\/div>\n<div dir=\"auto\">&nbsp;<\/div>\n<div class=\"x11i5rnm xat24cr x1mh8g0r x1vvkbs xtlvy1s x126k92a\">\n<div dir=\"auto\">Nach rund 2.5 Stunden schloss der Vorstand die Versammlung. Wir bedanken uns beim Gasthaus Hubert in Weilersbach, welches uns f\u00fcr die Veranstaltung den Raum zur Verf\u00fcgung stellte.<\/div>\n<\/div>\n<div dir=\"auto\">&nbsp;<\/div>\n","protected":false},"excerpt":{"rendered":"<p>Am 12.01. 2025 um 15.00 Uhr fand unserere General- und die Dienstversammlung im Gasthaus Hubert statt. Wir durften unseren KBR Oliver Flake, KBI Wolfgang Wunner, KBM Andreas Schriefer, KBM Christian &hellip; <\/p>\n","protected":false},"author":1,"featured_media":12649,"comment_status":"closed","ping_status":"closed","sticky":false,"template":"","format":"standard","meta":{"ngg_post_thumbnail":0,"footnotes":""},"categories":[1,10],"tags":[],"class_list":["post-12640","post","type-post","status-publish","format-standard","has-post-thumbnail","hentry","category-allgemein","category-verein"],"_links":{"self":[{"href":"https:\/\/ffw-weilersbach.de\/wordpress\/wp-json\/wp\/v2\/posts\/12640","targetHints":{"allow":["GET"]}}],"collection":[{"href":"https:\/\/ffw-weilersbach.de\/wordpress\/wp-json\/wp\/v2\/posts"}],"about":[{"href":"https:\/\/ffw-weilersbach.de\/wordpress\/wp-json\/wp\/v2\/types\/post"}],"author":[{"embeddable":true,"href":"https:\/\/ffw-weilersbach.de\/wordpress\/wp-json\/wp\/v2\/users\/1"}],"replies":[{"embeddable":true,"href":"https:\/\/ffw-weilersbach.de\/wordpress\/wp-json\/wp\/v2\/comments?post=12640"}],"version-history":[{"count":2,"href":"https:\/\/ffw-weilersbach.de\/wordpress\/wp-json\/wp\/v2\/posts\/12640\/revisions"}],"predecessor-version":[{"id":12652,"href":"https:\/\/ffw-weilersbach.de\/wordpress\/wp-json\/wp\/v2\/posts\/12640\/revisions\/12652"}],"wp:featuredmedia":[{"embeddable":true,"href":"https:\/\/ffw-weilersbach.de\/wordpress\/wp-json\/wp\/v2\/media\/12649"}],"wp:attachment":[{"href":"https:\/\/ffw-weilersbach.de\/wordpress\/wp-json\/wp\/v2\/media?parent=12640"}],"wp:term":[{"taxonomy":"category","embeddable":true,"href":"https:\/\/ffw-weilersbach.de\/wordpress\/wp-json\/wp\/v2\/categories?post=12640"},{"taxonomy":"post_tag","embeddable":true,"href":"https:\/\/ffw-weilersbach.de\/wordpress\/wp-json\/wp\/v2\/tags?post=12640"}],"curies":[{"name":"wp","href":"https:\/\/api.w.org\/{rel}","templated":true}]}}