{"id":1169,"date":"2010-08-05T11:01:52","date_gmt":"2010-08-05T10:01:52","guid":{"rendered":"http:\/\/www.ffw-weilersbach.de\/wordpress\/?p=1169"},"modified":"2012-03-25T18:09:29","modified_gmt":"2012-03-25T17:09:29","slug":"einsatz-vom-5-august-2010","status":"publish","type":"post","link":"https:\/\/ffw-weilersbach.de\/wordpress\/archive\/1169","title":{"rendered":"Einsatz vom 5. August 2010"},"content":{"rendered":"<p>Art: Verkehrsunfall mit eingeklemmter Person<br \/>\nOrt: B470 &#8211; Zwischen Weilersbach und Abzw. Reifenberg<br \/>\nAlarmzeit: ca 6:47 Uhr<br \/>\nAlamierung \u00fcber ILS Bamberg<br \/>\nEingesetzte Fahrzeuge: MZF, LF 8\/6, LF 20\/16<br \/>\nWeitere Feuerwehren: Kirchehrenbach<br \/>\nEinsatzzeit: ca. 3,5 Std.<\/p>\n<p><strong><em>Bericht bei Kanal 8 vom Donnerstag, 5. August 2010 13:14<\/em><\/strong><\/p>\n<blockquote><p>\n<strong><em>Schwerer Unfall auf B 470 <\/em><\/strong><br \/>\nEinsatzkr\u00e4fte befreien Schwerverletzten <\/p>\n<p>Der Zusammensto\u00df zwischen einem Lkw und einem Pkw auf der B470 n\u00e4he Reifenberg forderte heute Morgen den Einsatz der Feuerwehren Weilersbach und Kirchehrenbach. <\/p>\n<p>Wie die Polizei mitteilte, kam der junge Mann aus bislang ungekl\u00e4rter Ursache gegen 6:40 Uhr mit seinem Auto auf die Gegenfahrbahn und touchierte einen Richtung Forchheim fahrenden Lkw. Der Pkw landete im Stra\u00dfengraben. Gemeinsam befreiten die Einsatzkr\u00e4fte der Feuerwehren Weilersbach und Kirchehrenbach den Eingeklemmten mit der hydraulischen Rettungsschere. <\/p>\n<p>Er wurde mit dem Rettungshubschrauber ins Klinikum nach Erlangen geflogen. Neben Polizei waren auch Notarzt und Rettungswagen aus Ebermannstadt an der Unfallstelle. <\/p>\n<p>F\u00fcr die Bergung des Lkw wurde eine Spezialfirma mit einem Autokran angefordert, die Bundesstra\u00dfe blieb bis ca. 10:30 Uhr f\u00fcr den Verkehr gesperrt.\n<\/p><\/blockquote>\n","protected":false},"excerpt":{"rendered":"<p>Art: Verkehrsunfall mit eingeklemmter Person Ort: B470 &#8211; Zwischen Weilersbach und Abzw. Reifenberg Alarmzeit: ca 6:47 Uhr Alamierung \u00fcber ILS Bamberg Eingesetzte Fahrzeuge: MZF, LF 8\/6, LF 20\/16 Weitere Feuerwehren: &hellip; <\/p>\n","protected":false},"author":6,"featured_media":0,"comment_status":"closed","ping_status":"closed","sticky":false,"template":"","format":"standard","meta":{"ngg_post_thumbnail":0,"footnotes":""},"categories":[2],"tags":[],"class_list":["post-1169","post","type-post","status-publish","format-standard","hentry","category-einsatz"],"_links":{"self":[{"href":"https:\/\/ffw-weilersbach.de\/wordpress\/wp-json\/wp\/v2\/posts\/1169","targetHints":{"allow":["GET"]}}],"collection":[{"href":"https:\/\/ffw-weilersbach.de\/wordpress\/wp-json\/wp\/v2\/posts"}],"about":[{"href":"https:\/\/ffw-weilersbach.de\/wordpress\/wp-json\/wp\/v2\/types\/post"}],"author":[{"embeddable":true,"href":"https:\/\/ffw-weilersbach.de\/wordpress\/wp-json\/wp\/v2\/users\/6"}],"replies":[{"embeddable":true,"href":"https:\/\/ffw-weilersbach.de\/wordpress\/wp-json\/wp\/v2\/comments?post=1169"}],"version-history":[{"count":10,"href":"https:\/\/ffw-weilersbach.de\/wordpress\/wp-json\/wp\/v2\/posts\/1169\/revisions"}],"predecessor-version":[{"id":2339,"href":"https:\/\/ffw-weilersbach.de\/wordpress\/wp-json\/wp\/v2\/posts\/1169\/revisions\/2339"}],"wp:attachment":[{"href":"https:\/\/ffw-weilersbach.de\/wordpress\/wp-json\/wp\/v2\/media?parent=1169"}],"wp:term":[{"taxonomy":"category","embeddable":true,"href":"https:\/\/ffw-weilersbach.de\/wordpress\/wp-json\/wp\/v2\/categories?post=1169"},{"taxonomy":"post_tag","embeddable":true,"href":"https:\/\/ffw-weilersbach.de\/wordpress\/wp-json\/wp\/v2\/tags?post=1169"}],"curies":[{"name":"wp","href":"https:\/\/api.w.org\/{rel}","templated":true}]}}