{"id":1122,"date":"2010-06-21T14:11:10","date_gmt":"2010-06-21T13:11:10","guid":{"rendered":"http:\/\/www.ffw-weilersbach.de\/wordpress\/?p=1122"},"modified":"2010-06-27T11:47:00","modified_gmt":"2010-06-27T10:47:00","slug":"neues-feuerwehrfahrzeug-geweiht","status":"publish","type":"post","link":"https:\/\/ffw-weilersbach.de\/wordpress\/archive\/1122","title":{"rendered":"Neues Feuerwehrfahrzeug geweiht"},"content":{"rendered":"<p>F\u00fcr die Feuerwehr Weilersbach ist ein langj\u00e4hriger in Erf\u00fcllung gegangen. Das neue L\u00f6schfahrzeug LF 20 \/16 wurde blumengeschm\u00fcckt am Feuerwehrgel\u00e4nde bei strahlendem Wetter von Pfarrer Gerhard M\u00f6ckel mit dem kirchlichen Segen ausgestattet. Vizelandrat Georg Lang, Kreisbrandrat Reinhardt Polster, Kreisbrandinspektor Henkel, die Patenvereine aus Reifenberg, Kirchehrenbach und Reuth sowie viele andere befreundete Feuerwehrwehrvereine waren zu Gast, neben vielen B\u00fcrgerinnen und B\u00fcrgern aus Weilersabch ,als 1.B\u00fcrgermeister Gerhard Amon nach der kirchlichen Weihe an Kommandanten Wolfgang Wunner offiziell den Schl\u00fcssel \u00fcbergab.<br \/>\n\u201eEine sch\u00f6ne Aufgabe \u201e , freute sich der Gemeindechef, denn mit der Anschaffung sei die Weilersbacher Wehr nun technisch aufs modernste ausgestattet.<br \/>\nDie Segnung und \u00dcbergabe sei ein \u201egro\u00dfer Meilenstein in der Geschichte der Weilersbacher Feuerwehr\u201c betonte Kommandant Wunner. Das Weilersbacher Feuerwehrkonzept sei damit abgeschlossen. Durch diese letzte Ma\u00dfnahme seien die Vorraussetzungen f\u00fcr viele Jahre geschaffen worden, um die vielf\u00e4ltigen Einsatzbereiche innerhalb der Feuerwehr erfolgreich bew\u00e4ltigen zu k\u00f6nnen. Wunners Dank galt den Gemeindevertretern, die in der Ratssitzung vom September 2007 ohne gr\u00f6\u00dfere Diskussion den Fahrzeugkauf einstimmig beschlossen hatten.<br \/>\nVizelandrat Georg Lang gratulierte der Feuerwehr Weilersbach zu ihrem neuen Fahrzeug und zeigte sich angetan zu h\u00f6ren, dass die Wehren sehr verantwortungsbewusst mit den Anschaffungsw\u00fcnschen umgehen, die wohl\u00fcberlegt und begr\u00fcndet sein m\u00fcssen. So werde das Weilersbacher LF 20\/16 bei gr\u00f6\u00dferen Eins\u00e4tzen im Landkreis mit eingebunden werden. Notwendig sei dass das ausgebildete Personal zur Verf\u00fcgung stehe. Er dankte der Weilersbacher Feuerwehr, die er als eine \u201eherausragende im Landkreis\u201c bezeichnete f\u00fcr ihre Leistungen.<br \/>\nMit besten W\u00fcnschen von Pfarrer M\u00f6ckel, dem Lob von Kreisbrandrat Polster, die Weilersbacher Feuerwehr habe die notwendige intensive Planung im Vorfeld mit \u201eBravour\u201c gel\u00f6st und dem gemeinsam gesungenen Feuerwehrlied schloss der Festakt. Anschlie\u00dfend lie\u00df man sich bei Speis und Trank nieder und feierte bis in die sp\u00e4ten Abendstunden.<a href=\"http:\/\/www.ffw-weilersbach.de\/wordpress\/wp-content\/Sommerfest2010-0891.jpg\"><img loading=\"lazy\" decoding=\"async\" class=\"alignnone size-medium wp-image-1123\" title=\"Sommerfest2010 089\" src=\"http:\/\/www.ffw-weilersbach.de\/wordpress\/wp-content\/Sommerfest2010-0891-300x225.jpg\" alt=\"\" width=\"300\" height=\"225\" \/><\/a><\/p>\n","protected":false},"excerpt":{"rendered":"<p>F\u00fcr die Feuerwehr Weilersbach ist ein langj\u00e4hriger in Erf\u00fcllung gegangen. Das neue L\u00f6schfahrzeug LF 20 \/16 wurde blumengeschm\u00fcckt am Feuerwehrgel\u00e4nde bei strahlendem Wetter von Pfarrer Gerhard M\u00f6ckel mit dem kirchlichen &hellip; <\/p>\n","protected":false},"author":5,"featured_media":0,"comment_status":"closed","ping_status":"closed","sticky":false,"template":"","format":"standard","meta":{"ngg_post_thumbnail":0,"footnotes":""},"categories":[10],"tags":[],"class_list":["post-1122","post","type-post","status-publish","format-standard","hentry","category-verein"],"_links":{"self":[{"href":"https:\/\/ffw-weilersbach.de\/wordpress\/wp-json\/wp\/v2\/posts\/1122","targetHints":{"allow":["GET"]}}],"collection":[{"href":"https:\/\/ffw-weilersbach.de\/wordpress\/wp-json\/wp\/v2\/posts"}],"about":[{"href":"https:\/\/ffw-weilersbach.de\/wordpress\/wp-json\/wp\/v2\/types\/post"}],"author":[{"embeddable":true,"href":"https:\/\/ffw-weilersbach.de\/wordpress\/wp-json\/wp\/v2\/users\/5"}],"replies":[{"embeddable":true,"href":"https:\/\/ffw-weilersbach.de\/wordpress\/wp-json\/wp\/v2\/comments?post=1122"}],"version-history":[{"count":3,"href":"https:\/\/ffw-weilersbach.de\/wordpress\/wp-json\/wp\/v2\/posts\/1122\/revisions"}],"predecessor-version":[{"id":1127,"href":"https:\/\/ffw-weilersbach.de\/wordpress\/wp-json\/wp\/v2\/posts\/1122\/revisions\/1127"}],"wp:attachment":[{"href":"https:\/\/ffw-weilersbach.de\/wordpress\/wp-json\/wp\/v2\/media?parent=1122"}],"wp:term":[{"taxonomy":"category","embeddable":true,"href":"https:\/\/ffw-weilersbach.de\/wordpress\/wp-json\/wp\/v2\/categories?post=1122"},{"taxonomy":"post_tag","embeddable":true,"href":"https:\/\/ffw-weilersbach.de\/wordpress\/wp-json\/wp\/v2\/tags?post=1122"}],"curies":[{"name":"wp","href":"https:\/\/api.w.org\/{rel}","templated":true}]}}